{"id":4720,"date":"2015-06-22T10:23:34","date_gmt":"2015-06-22T15:23:34","guid":{"rendered":"https:\/\/emisora.univalle.edu.co\/\/?p=4720"},"modified":"2015-06-22T10:25:07","modified_gmt":"2015-06-22T15:25:07","slug":"egresados-de-medicina-univalle-rinden-homenaje-la-memoria-de-su-fundador-dr-gabriel-velasquez-palau","status":"publish","type":"post","link":"https:\/\/emisora.univalle.edu.co\/index.php\/egresados-de-medicina-univalle-rinden-homenaje-la-memoria-de-su-fundador-dr-gabriel-velasquez-palau\/","title":{"rendered":"Egresados de Medicina Univalle rinden homenaje a la memoria de su fundador, Dr. Gabriel Vel\u00e1squez Palau."},"content":{"rendered":"<p><span style=\"line-height: 1.5em;\">El pr\u00f3ximo viernes 26 de junio, y en el contexto de los 70 a\u00f1os de creaci\u00f3n de la Universidad del Valle, tendr\u00e1 lugar el VII Encuentro de Egresados de la Escuela de Medicina de la Universidad del Valle, un evento que se celebra anualmente desde el a\u00f1o 2008 y que re\u00fane a egresados de los programas acad\u00e9micos de Medicina y Cirug\u00eda y de las especialidades cl\u00ednicas que ofrece la Escuela.<\/span><\/p>\n<p>Este a\u00f1o la Alcald\u00eda de Santiago de Cali y la Universidad del Valle se unen a la celebraci\u00f3n del Encuentro para rendirle homenaje al Dr. Gabriel Vel\u00e1squez Palau, uno de los fundadores y Decano durante 20 a\u00f1os de la Facultad de Medicina (ahora Facultad de Salud) de la Universidad del Valle, quien falleci\u00f3 en abril de este a\u00f1o. Har\u00e1n presencia en el evento el Sr. Alcalde de Cali, Dr. Rodrigo Guerrero Velasco, el Sr. Rector de la Universidad del Valle, Dr. Iv\u00e1n Enrique Ramos Calder\u00f3n, y otras autoridades de la Universidad, del Departamento y el Municipio.<\/p>\n<p>Como en versiones anteriores, en esta oportunidad tambi\u00e9n se rendir\u00e1 un homenaje a los egresados de Medicina y Cirug\u00eda que cumplen 50 a\u00f1os de graduados. Esta actividad se ha consolidado como un homenaje que resalta la identidad y sentido de pertenencia a la instituci\u00f3n.<\/p>\n<p>Fecha: 26 de junio de 2015<\/p>\n<p>Hora: 7:00 p.m.<\/p>\n<p>Lugar: Teatro Municipal \u201cEnrique Buenaventura\u201d<\/p>\n<p><b>Informes<\/b>:<\/p>\n<p>Universidad del Valle \u2013 Escuela de Medicina<\/p>\n<p><a href=\"mailto:egresadosmedicina.univalle@gmail.com\">egresadosmedicina.univalle@gmail.com<\/a><\/p>\n<p>Tel\u00e9fono: 518-56-57<\/p>\n<p>Rese\u00f1a Dr. Gabriel Vel\u00e1squez Palau:\u00a0<a href=\"http:\/\/salud.univalle.edu.co\/comunicandosalud\/?p=5356\">http:\/\/salud.univalle.edu.co\/comunicandosalud\/?p=5356<\/a><\/p>\n<p><b>Fuente: Agencia de Noticias Univalle<\/b><\/p>\n","protected":false},"excerpt":{"rendered":"<p>El pr\u00f3ximo viernes 26 de junio, y en el contexto de los 70 a\u00f1os de creaci\u00f3n de la Universidad del Valle, tendr\u00e1 lugar el VII Encuentro de Egresados de la Escuela de Medicina de la Universidad del Valle, un evento que se celebra anualmente desde el a\u00f1o 2008 y que[&#8230;]<\/p>\n","protected":false},"author":1,"featured_media":4722,"comment_status":"open","ping_status":"open","sticky":false,"template":"","format":"standard","meta":{"footnotes":""},"categories":[4],"tags":[],"_links":{"self":[{"href":"https:\/\/emisora.univalle.edu.co\/index.php\/wp-json\/wp\/v2\/posts\/4720"}],"collection":[{"href":"https:\/\/emisora.univalle.edu.co\/index.php\/wp-json\/wp\/v2\/posts"}],"about":[{"href":"https:\/\/emisora.univalle.edu.co\/index.php\/wp-json\/wp\/v2\/types\/post"}],"author":[{"embeddable":true,"href":"https:\/\/emisora.univalle.edu.co\/index.php\/wp-json\/wp\/v2\/users\/1"}],"replies":[{"embeddable":true,"href":"https:\/\/emisora.univalle.edu.co\/index.php\/wp-json\/wp\/v2\/comments?post=4720"}],"version-history":[{"count":1,"href":"https:\/\/emisora.univalle.edu.co\/index.php\/wp-json\/wp\/v2\/posts\/4720\/revisions"}],"predecessor-version":[{"id":4721,"href":"https:\/\/emisora.univalle.edu.co\/index.php\/wp-json\/wp\/v2\/posts\/4720\/revisions\/4721"}],"wp:featuredmedia":[{"embeddable":true,"href":"https:\/\/emisora.univalle.edu.co\/index.php\/wp-json\/wp\/v2\/media\/4722"}],"wp:attachment":[{"href":"https:\/\/emisora.univalle.edu.co\/index.php\/wp-json\/wp\/v2\/media?parent=4720"}],"wp:term":[{"taxonomy":"category","embeddable":true,"href":"https:\/\/emisora.univalle.edu.co\/index.php\/wp-json\/wp\/v2\/categories?post=4720"},{"taxonomy":"post_tag","embeddable":true,"href":"https:\/\/emisora.univalle.edu.co\/index.php\/wp-json\/wp\/v2\/tags?post=4720"}],"curies":[{"name":"wp","href":"https:\/\/api.w.org\/{rel}","templated":true}]}}