{"id":4725,"date":"2015-06-22T10:27:30","date_gmt":"2015-06-22T15:27:30","guid":{"rendered":"https:\/\/emisora.univalle.edu.co\/\/?p=4725"},"modified":"2015-06-22T10:27:30","modified_gmt":"2015-06-22T15:27:30","slug":"estudiantes-de-cali-clausuraron-su-programa-de-cultura-del-agua-con-una-gran-jornada-festiva","status":"publish","type":"post","link":"https:\/\/emisora.univalle.edu.co\/index.php\/estudiantes-de-cali-clausuraron-su-programa-de-cultura-del-agua-con-una-gran-jornada-festiva\/","title":{"rendered":"Estudiantes de Cali clausuraron su programa de Cultura del Agua con una gran jornada festiva"},"content":{"rendered":"<p><span style=\"line-height: 1.5em;\">M\u00e1s de 500 ni\u00f1os y j\u00f3venes de instituciones educativas p\u00fablicas participaron\u00a0 de la Gran Jornada Festiva de Integraci\u00f3n Final, con la que se clausur\u00f3 la segunda fase del Programa Cultura del Agua: Arte, Juego y Educaci\u00f3n \u00a1AGUA VIVA SOY!, desarrollado por el Gobierno Departamental del gobernador Ubeimar Delgado a trav\u00e9s de Vallecaucana de Aguas en asocio con el Instituto Popular de Cultura IPC.<\/span><\/p>\n<p>En esta segunda fase,\u00a0 se integr\u00f3 a la Comuna 18, en la zona de ladera de Cali, con 30 l\u00edderes comunitarios y tres instituciones educativas: Instituci\u00f3n Educativa La Esperanza, Instituci\u00f3n Educativa\u00a0 Juan Pablo II y la Instituci\u00f3n Educativa \u00c1lvaro Echeverry Perea. Se han capacitado en todos los componentes sobre cultura del agua, articulando todo el elemento l\u00fadico-art\u00edstico de la metodolog\u00eda que impulsa el Instituto Popular de Cultura (IPC).<\/p>\n<p>Seg\u00fan Carlos Eduardo Calder\u00f3n Llant\u00e9n Gerente de Vallecaucana de Aguas, el Gobierno Departamental, a trav\u00e9s de la entidad a su cargo, prioriz\u00f3 la ejecuci\u00f3n del programa Cultura del Agua en Santiago de Cali y varios municipios del Departamento, con el prop\u00f3sito de contribuir a la construcci\u00f3n de una cultura ciudadana en el ahorro y uso eficiente del agua.<\/p>\n<p>\u201cLa construcci\u00f3n de una Cultura del Agua es un proceso. Por ello, el Gobierno Departamental, a trav\u00e9s de Vallecaucana de Aguas, continuar\u00e1 fomentando la cultura del ahorro y uso eficiente del agua, fortaleceremos lo alcanzado hasta ahora a trav\u00e9s de la implementaci\u00f3n de jornadas culturales del agua, y ampliaremos la cobertura del programa a otras comunas de la ciudad. Ese es nuestro prop\u00f3sito y as\u00ed estamos comprometidos a hacerlo, por supuesto con el liderazgo del se\u00f1or Gobernador\u201d, puntualiz\u00f3 Calder\u00f3n Llant\u00e9n.<\/p>\n<p>Maria del Pilar Meza D\u00edaz rectora del Instituto Popular de Cultura revel\u00f3 que ya se suscribi\u00f3 el convenio con Vallecaucana de Aguas para la realizaci\u00f3n de la tercera fase del Programa que permitir\u00e1 ampliar la cobertura a la comuna 20 y la realizaci\u00f3n del Segundo Carnaval de Agua.<\/p>\n<p><b>Fuente: Comunicaciones Gobernaci\u00f3n<\/b><\/p>\n","protected":false},"excerpt":{"rendered":"<p>M\u00e1s de 500 ni\u00f1os y j\u00f3venes de instituciones educativas p\u00fablicas participaron\u00a0 de la Gran Jornada Festiva de Integraci\u00f3n Final, con la que se clausur\u00f3 la segunda fase del Programa Cultura del Agua: Arte, Juego y Educaci\u00f3n \u00a1AGUA VIVA SOY!, desarrollado por el Gobierno Departamental del gobernador Ubeimar Delgado a trav\u00e9s[&#8230;]<\/p>\n","protected":false},"author":1,"featured_media":4712,"comment_status":"open","ping_status":"open","sticky":false,"template":"","format":"standard","meta":{"footnotes":""},"categories":[4],"tags":[],"_links":{"self":[{"href":"https:\/\/emisora.univalle.edu.co\/index.php\/wp-json\/wp\/v2\/posts\/4725"}],"collection":[{"href":"https:\/\/emisora.univalle.edu.co\/index.php\/wp-json\/wp\/v2\/posts"}],"about":[{"href":"https:\/\/emisora.univalle.edu.co\/index.php\/wp-json\/wp\/v2\/types\/post"}],"author":[{"embeddable":true,"href":"https:\/\/emisora.univalle.edu.co\/index.php\/wp-json\/wp\/v2\/users\/1"}],"replies":[{"embeddable":true,"href":"https:\/\/emisora.univalle.edu.co\/index.php\/wp-json\/wp\/v2\/comments?post=4725"}],"version-history":[{"count":1,"href":"https:\/\/emisora.univalle.edu.co\/index.php\/wp-json\/wp\/v2\/posts\/4725\/revisions"}],"predecessor-version":[{"id":4726,"href":"https:\/\/emisora.univalle.edu.co\/index.php\/wp-json\/wp\/v2\/posts\/4725\/revisions\/4726"}],"wp:featuredmedia":[{"embeddable":true,"href":"https:\/\/emisora.univalle.edu.co\/index.php\/wp-json\/wp\/v2\/media\/4712"}],"wp:attachment":[{"href":"https:\/\/emisora.univalle.edu.co\/index.php\/wp-json\/wp\/v2\/media?parent=4725"}],"wp:term":[{"taxonomy":"category","embeddable":true,"href":"https:\/\/emisora.univalle.edu.co\/index.php\/wp-json\/wp\/v2\/categories?post=4725"},{"taxonomy":"post_tag","embeddable":true,"href":"https:\/\/emisora.univalle.edu.co\/index.php\/wp-json\/wp\/v2\/tags?post=4725"}],"curies":[{"name":"wp","href":"https:\/\/api.w.org\/{rel}","templated":true}]}}