{"id":4729,"date":"2015-06-22T10:29:57","date_gmt":"2015-06-22T15:29:57","guid":{"rendered":"https:\/\/emisora.univalle.edu.co\/\/?p=4729"},"modified":"2015-06-22T10:29:57","modified_gmt":"2015-06-22T15:29:57","slug":"caracol-africano-plaga-u-oportunidad","status":"publish","type":"post","link":"https:\/\/emisora.univalle.edu.co\/index.php\/caracol-africano-plaga-u-oportunidad\/","title":{"rendered":"Caracol africano, \u00bfplaga u oportunidad?"},"content":{"rendered":"<p><span style=\"line-height: 1.5em;\">Las facilidades en transporte de carga y pasajeros a nivel internacional, el tr\u00e1fico ilegal de fauna y flora, y el desconocimiento de las consecuencias que trae la \u00a0introducci\u00f3n de una especie for\u00e1nea en otra regi\u00f3n, han acarreado graves problemas biol\u00f3gicos en varias partes del mundo, como ha sucedido con la perca del Nilo (Lates niloticus), la rana toro (Lithobates catesbeianus) o el mosquito tigre (Aedes albopictus).<\/span><\/p>\n<p>En este momento varios pa\u00edses del mundo asisten a una preocupante invasi\u00f3n de caracol gigante africano (Achatina fulica) y Colombia, no ha escapado de ella. Sumado a esto cerca de 31 departamentos presentan problemas con la hormiga cortadora de hojas, del g\u00e9nero Atta, m\u00e1s conocida como hormiga arriera.<\/p>\n<p>Preocupados por estas dos situaciones, la Universidad del Valle, con el apoyo de la Corporaci\u00f3n Aut\u00f3noma Regional del Valle del Cauca (CVC) y la Autoridad Ambiental de Santiago de Cali (Dagma) organiz\u00f3, entre el 28 y 29 de mayo pasados, el II Taller Nacional sobre Hormiga Arriera y Caracol Gigante Africano: Avances y retos, durante el cual se presentaron los avances en investigaci\u00f3n que sobre estas dos especies se han desarrollado en el pa\u00eds en los \u00faltimos a\u00f1os.<\/p>\n<p><b>La plaga<\/b><\/p>\n<p>Una plaga, seg\u00fan la RAE, es una aparici\u00f3n masiva y repentina de seres vivos de la misma especie que causa graves da\u00f1os a poblaciones animales o vegetales. Por su parte, una invasi\u00f3n es la ocupaci\u00f3n y propagaci\u00f3n anormal o irregular en un lugar o medio determinado. As\u00ed las cosas, el caracol proveniente de \u00c1frica es una especie invasora, mientras que la hormiga, propia del continente americano, es considerada nativa; sin embargo ambas especies han ca\u00eddo en la categor\u00eda de \u201cplaga\u201d.<\/p>\n<p>\u00c9dgar Linares, docente de la Universidad Nacional de Colombia, dice que en la naturaleza no existen las plagas, los humanos las hemos \u201ccreado\u201d por consensos sociales provenientes de conflictos socioambientales: \u201cA algunos animales les hemos dado el concepto de plaga porque afectan nuestro sistema productivo, entonces los consideramos plaga, pero desconocemos cu\u00e1les son sus valores ecol\u00f3gicos y c\u00f3mo los podemos usar\u201d. Linares afirma que la colonizaci\u00f3n introdujo cambios en los usos de la tierra y esto, junto con los animales importados, como el cerdo, trajo invasiones biol\u00f3gicas que se adaptaron muy bien a nuestro clima.<\/p>\n<p>Otra de las preocupaciones que manifiestan los expertos es que los venenos, usados en su \u201cerradicaci\u00f3n\u201d, no son 100% efectivos. Seg\u00fan Linares ninguna plaga ha podido ser erradicada, solo se hace control de ellas, \u201cpero con eso las estamos seleccionando, porque lo \u00fanico que logramos es que se hagan m\u00e1s resistentes a todas los controles que aplicamos, ellas se modifican gen\u00e9ticamente\u201d.<\/p>\n<p><b>Caracol africano<\/b><\/p>\n<p>El caracol gigante africano (Achatina fulica) es una especie de molusco terrestre originaria de la regi\u00f3n tropical del \u00c1frica y su peligrosidad radica en que puede albergar nem\u00e1todos (par\u00e1sitos) del g\u00e9nero Angyostrongylus, que se alojan en su tejido muscular y en las secreciones de baba y que, en los humanos, causan angiostrongiliasis abdominal cuando ingresan al cuerpo por v\u00eda oral. Sin embargo, el caracol tambi\u00e9n posee caracter\u00edsticas antibacterianas que a\u00fan no se han estudiado completamente.<\/p>\n<p>Este caracol se alimenta de material org\u00e1nico: hojas de plantas, papel y excrementos de animales, entre otros, y es m\u00e1s activo cuando la temperatura es baja y hay presencia de lluvias; por tal raz\u00f3n, el aseo en las zonas p\u00fablicas y el empoderamiento de las comunidades para su recolecci\u00f3n y disposici\u00f3n es fundamental como m\u00e9todo de control.<\/p>\n<p>Diana Vanessa Caballero, bi\u00f3loga de la Universidad Industrial de Santander, dijo que al caracol africano se le puede hacer control manual sin problema alguno: \u201c\u00c9l no es venenoso, ni escupe como dicen algunas personas; s\u00ed existe alg\u00fan riesgo por los par\u00e1sitos y bacterias que alberga, pero con guantes y anteojos de protecci\u00f3n se puede recoger\u201d. Junto con ella, los expertos coinciden en que existe un problema de desinformaci\u00f3n al respecto, lo que genera temor y desconocimiento de c\u00f3mo se puede manejar al caracol.<\/p>\n<p><b>Hormiga arriera<\/b><\/p>\n<p>Las hormigas arrieras est\u00e1n ampliamente distribuidas en el pa\u00eds, particularmente la especie \u00a0A. cephalotes. Estas hormigas llegan a tener colonias de gran tama\u00f1o, generando p\u00e9rdidas econ\u00f3micas, no solo por el ataque a las especies ornamentales de plantas, sino porque las cavernas de sus nidos ponen en riesgo la estabilidad estructural en los cimientos de construcciones civiles y los terrenos donde habitan.<\/p>\n<p>La edad m\u00e1xima de un hormiguero est\u00e1 al alrededor de los 20 a\u00f1os alcanzando tama\u00f1os superiores a los 800 m2 y una profundidad de 5 metros. Al igual que el caracol, la hormiga permanece con menor actividad en verano, cerrando la entrada del hormiguero para evitar que el aire seco y caliente entre a las rec\u00e1maras donde cultivan el hongo del que se alimentan. Ellas conviven adem\u00e1s con otra clase de microorganismos que tienen propiedades antimicrobianas y las protege de otras enfermedades que puedan atacarlas.<\/p>\n<p><b>Soluciones<\/b><\/p>\n<p>Los asistentes al II Taller Nacional sobre Hormiga Arriera y Caracol Gigante Africano compartieron sus experiencias y conocimientos sobre el comportamiento, estrategias de mitigaci\u00f3n y estudios sobre estos organismos.<\/p>\n<p>Sandra Valencia Giraldo, magister en Ciencias Biol\u00f3gicas de la Universidad del Valle, dice que \u201cel control biol\u00f3gico de la hormiga (por medio de hongos) es amigable con el medio ambiente, tiene un menor costo comparado con el uso de insecticidas y menores impactos sobre la salud humana y de los ecosistemas. Pero ese control debe hacerse de forma integral junto con otras estrategias de manejo para que realmente sea efectivo\u201d.<\/p>\n<p>Estrategias como la extracci\u00f3n de los nidos j\u00f3venes, resulta ser el \u00fanico m\u00e9todo 100% efectivo, ya que al eliminar la reina se interrumpe el relevo generacional de la colonia ocasionando la muerte al hormiguero al cabo de unas semanas.<\/p>\n<p>Respecto al caracol, el \u00fanico m\u00e9todo de control efectivo es la recolecci\u00f3n manual, sin embargo, se tiene conocimiento de que ha sido usado como abono por un campesino de la ciudad de Buga y que algunas personas del puerto de Buenaventura lo est\u00e1n consumiendo luego de una cuidadosa preparaci\u00f3n. \u201cEso no tiene a\u00fan ninguna base cient\u00edfica, sino que hay un saber tradicional de las personas. Es necesario estudiar qu\u00e9 efectos tiene usar el caracol como abono, y si cocinarlo como lo est\u00e1n haciendo no trae problemas para nosotros, porque ser\u00eda una fuente de prote\u00edna que est\u00e1 al alcance de todos\u201d, concluy\u00f3 el profesor \u00c9dgar Linares.<\/p>\n<p>El control de la hormiga arriera y el caracol gigante africano, el conocimiento de su biolog\u00eda, y los posibles usos y aplicaciones dentro de la agricultura y la alimentaci\u00f3n generan en estos momentos m\u00e1s preguntas que respuestas, abriendo varios campos de estudio para las secretar\u00edas de salud, las corporaciones aut\u00f3nomas regionales y las universidades, estudios que seguramente tendr\u00e1n cabida dentro del pr\u00f3ximo Taller Nacional sobre Hormiga Arriera y Caracol Gigante Africano y que quiz\u00e1 puedan mostrar las oportunidades de uso que hay detr\u00e1s de aquellas especies que hoy consideramos como plagas.<\/p>\n<p><b>Fuente: Agencia de Noticias Univalle<\/b><\/p>\n","protected":false},"excerpt":{"rendered":"<p>Las facilidades en transporte de carga y pasajeros a nivel internacional, el tr\u00e1fico ilegal de fauna y flora, y el desconocimiento de las consecuencias que trae la \u00a0introducci\u00f3n de una especie for\u00e1nea en otra regi\u00f3n, han acarreado graves problemas biol\u00f3gicos en varias partes del mundo, como ha sucedido con la[&#8230;]<\/p>\n","protected":false},"author":1,"featured_media":4703,"comment_status":"open","ping_status":"open","sticky":false,"template":"","format":"standard","meta":{"footnotes":""},"categories":[4],"tags":[],"_links":{"self":[{"href":"https:\/\/emisora.univalle.edu.co\/index.php\/wp-json\/wp\/v2\/posts\/4729"}],"collection":[{"href":"https:\/\/emisora.univalle.edu.co\/index.php\/wp-json\/wp\/v2\/posts"}],"about":[{"href":"https:\/\/emisora.univalle.edu.co\/index.php\/wp-json\/wp\/v2\/types\/post"}],"author":[{"embeddable":true,"href":"https:\/\/emisora.univalle.edu.co\/index.php\/wp-json\/wp\/v2\/users\/1"}],"replies":[{"embeddable":true,"href":"https:\/\/emisora.univalle.edu.co\/index.php\/wp-json\/wp\/v2\/comments?post=4729"}],"version-history":[{"count":1,"href":"https:\/\/emisora.univalle.edu.co\/index.php\/wp-json\/wp\/v2\/posts\/4729\/revisions"}],"predecessor-version":[{"id":4730,"href":"https:\/\/emisora.univalle.edu.co\/index.php\/wp-json\/wp\/v2\/posts\/4729\/revisions\/4730"}],"wp:featuredmedia":[{"embeddable":true,"href":"https:\/\/emisora.univalle.edu.co\/index.php\/wp-json\/wp\/v2\/media\/4703"}],"wp:attachment":[{"href":"https:\/\/emisora.univalle.edu.co\/index.php\/wp-json\/wp\/v2\/media?parent=4729"}],"wp:term":[{"taxonomy":"category","embeddable":true,"href":"https:\/\/emisora.univalle.edu.co\/index.php\/wp-json\/wp\/v2\/categories?post=4729"},{"taxonomy":"post_tag","embeddable":true,"href":"https:\/\/emisora.univalle.edu.co\/index.php\/wp-json\/wp\/v2\/tags?post=4729"}],"curies":[{"name":"wp","href":"https:\/\/api.w.org\/{rel}","templated":true}]}}