{"id":4731,"date":"2015-06-22T10:32:08","date_gmt":"2015-06-22T15:32:08","guid":{"rendered":"https:\/\/emisora.univalle.edu.co\/\/?p=4731"},"modified":"2015-06-22T10:32:08","modified_gmt":"2015-06-22T15:32:08","slug":"cali-se-viste-de-cuero-con-la-feria-pacific-leather","status":"publish","type":"post","link":"https:\/\/emisora.univalle.edu.co\/index.php\/cali-se-viste-de-cuero-con-la-feria-pacific-leather\/","title":{"rendered":"Cali se viste de Cuero con la Feria Pacific Leather"},"content":{"rendered":"<p><span style=\"line-height: 1.5em;\">Desde el mi\u00e9rcoles 24 y hasta el 26 de junio, los cale\u00f1os podr\u00e1n encontrar la mejor muestra de cuero, marroquiner\u00eda y calzado. En dicha feria, todas las instituciones participantes se relacionan de tal forma que se convierte en una gran rueda de negocios.<\/span><\/p>\n<p>La Feria \u2018Pacific Leather\u2019 traer\u00e1 a 3 grandes compradores internacionales de Costa Rica, Guatemala y 17 representantes nacionales de Pasto, Medell\u00edn, Bogot\u00e1, Villavicencio, Monter\u00eda y Puerto As\u00eds, entre otros. Estos aprovechan el alto est\u00e1ndar de calidad de los productos locales que se exhiben y lo complementan con la venta de insumos para la misma industria.<\/p>\n<p>La X versi\u00f3n de la Feria se llevar\u00e1 a cabo en el Centro de Convenciones Parque de las Orqu\u00eddeas, localizado en la Avenida 2N #48-10 y la Alcald\u00eda de Cali a trav\u00e9s del Departamento Administrativo de Planeaci\u00f3n Municipal y su programa de Fomento y Fortalecimiento de Cl\u00faster (PFFC), acompa\u00f1ar\u00e1 el evento.<\/p>\n<p>El programa propende potenciar las iniciativas cl\u00faster y sus actividades con el fin de aumentar la competitividad local.<\/p>\n<p><b>Fuente: Comunicaciones Alcald\u00eda<\/b><\/p>\n","protected":false},"excerpt":{"rendered":"<p>Desde el mi\u00e9rcoles 24 y hasta el 26 de junio, los cale\u00f1os podr\u00e1n encontrar la mejor muestra de cuero, marroquiner\u00eda y calzado. En dicha feria, todas las instituciones participantes se relacionan de tal forma que se convierte en una gran rueda de negocios. La Feria \u2018Pacific Leather\u2019 traer\u00e1 a 3[&#8230;]<\/p>\n","protected":false},"author":1,"featured_media":4732,"comment_status":"open","ping_status":"open","sticky":false,"template":"","format":"standard","meta":{"footnotes":""},"categories":[4],"tags":[],"_links":{"self":[{"href":"https:\/\/emisora.univalle.edu.co\/index.php\/wp-json\/wp\/v2\/posts\/4731"}],"collection":[{"href":"https:\/\/emisora.univalle.edu.co\/index.php\/wp-json\/wp\/v2\/posts"}],"about":[{"href":"https:\/\/emisora.univalle.edu.co\/index.php\/wp-json\/wp\/v2\/types\/post"}],"author":[{"embeddable":true,"href":"https:\/\/emisora.univalle.edu.co\/index.php\/wp-json\/wp\/v2\/users\/1"}],"replies":[{"embeddable":true,"href":"https:\/\/emisora.univalle.edu.co\/index.php\/wp-json\/wp\/v2\/comments?post=4731"}],"version-history":[{"count":1,"href":"https:\/\/emisora.univalle.edu.co\/index.php\/wp-json\/wp\/v2\/posts\/4731\/revisions"}],"predecessor-version":[{"id":4733,"href":"https:\/\/emisora.univalle.edu.co\/index.php\/wp-json\/wp\/v2\/posts\/4731\/revisions\/4733"}],"wp:featuredmedia":[{"embeddable":true,"href":"https:\/\/emisora.univalle.edu.co\/index.php\/wp-json\/wp\/v2\/media\/4732"}],"wp:attachment":[{"href":"https:\/\/emisora.univalle.edu.co\/index.php\/wp-json\/wp\/v2\/media?parent=4731"}],"wp:term":[{"taxonomy":"category","embeddable":true,"href":"https:\/\/emisora.univalle.edu.co\/index.php\/wp-json\/wp\/v2\/categories?post=4731"},{"taxonomy":"post_tag","embeddable":true,"href":"https:\/\/emisora.univalle.edu.co\/index.php\/wp-json\/wp\/v2\/tags?post=4731"}],"curies":[{"name":"wp","href":"https:\/\/api.w.org\/{rel}","templated":true}]}}