{"id":4741,"date":"2015-06-22T14:28:31","date_gmt":"2015-06-22T19:28:31","guid":{"rendered":"https:\/\/emisora.univalle.edu.co\/\/?p=4741"},"modified":"2015-06-22T14:29:10","modified_gmt":"2015-06-22T19:29:10","slug":"educacion-lanza-segunda-fase-de-pupitres-hechos-por-los-mismos-estudiantes","status":"publish","type":"post","link":"https:\/\/emisora.univalle.edu.co\/index.php\/educacion-lanza-segunda-fase-de-pupitres-hechos-por-los-mismos-estudiantes\/","title":{"rendered":"Educaci\u00f3n lanza segunda fase de pupitres hechos por los mismos estudiantes"},"content":{"rendered":"<p><span style=\"line-height: 1.5em;\">La Alcald\u00eda de Cali, a trav\u00e9s de la Secretar\u00eda de Educaci\u00f3n, realizar\u00e1 el lanzamiento del Proyecto \u2018Segunda fase del proceso de desarrollo de habilidades y capacidades en la manufacturaci\u00f3n de mobiliario escolar\u2019, que se realiza con las Instituciones Educativas T\u00e9cnico Industriales (Ieti) Antonio Jos\u00e9 Camacho, y los Centros Auxiliares de Servicios Docentes (Casd) Santo Tom\u00e1s y Golondrinas.<\/span><\/p>\n<p>El evento se realizar\u00e1 este martes 23 de junio de 2015, en el coliseo de la Ieti Antonio Jos\u00e9 Camacho, a las 8:00 de la ma\u00f1ana.<\/p>\n<p>En la primera fase, realizada en 2014 con la participaci\u00f3n de docentes, egresados y un significativo n\u00famero de estudiantes, se logr\u00f3 la entrega de 10.000 pupitres y en 2015 se entregar\u00e1n otros 10.000, compuestos por asientos y mesas unipersonales, que facilitan la Educaci\u00f3n Digital y la cualificaci\u00f3n pedag\u00f3gica.<\/p>\n<p>De esta forma, el Gobierno Municipal est\u00e1 respondiendo a la necesidad de superar el d\u00e9ficit de aproximadamente 30.000 pupitres, reportado por los rectores de las Instituciones Educativas Oficiales (IEO) en la proyecci\u00f3n de necesidades a 2014.<\/p>\n<p><strong>D\u00eda<\/strong>: martes 23 de junio de 2015<\/p>\n<p><strong>Hora<\/strong>: 8:00 a.m.<\/p>\n<p><strong>Lugar<\/strong>: Coliseo de la Ieti Antonio Jos\u00e9 Camacho, carrera 16 #12-00, barrio Guayaquil<\/p>\n<p>Fuente: Comunicaciones Alcald\u00eda<\/p>\n","protected":false},"excerpt":{"rendered":"<p>La Alcald\u00eda de Cali, a trav\u00e9s de la Secretar\u00eda de Educaci\u00f3n, realizar\u00e1 el lanzamiento del Proyecto \u2018Segunda fase del proceso de desarrollo de habilidades y capacidades en la manufacturaci\u00f3n de mobiliario escolar\u2019, que se realiza con las Instituciones Educativas T\u00e9cnico Industriales (Ieti) Antonio Jos\u00e9 Camacho, y los Centros Auxiliares de[&#8230;]<\/p>\n","protected":false},"author":1,"featured_media":4747,"comment_status":"open","ping_status":"open","sticky":false,"template":"","format":"standard","meta":{"footnotes":""},"categories":[4],"tags":[],"_links":{"self":[{"href":"https:\/\/emisora.univalle.edu.co\/index.php\/wp-json\/wp\/v2\/posts\/4741"}],"collection":[{"href":"https:\/\/emisora.univalle.edu.co\/index.php\/wp-json\/wp\/v2\/posts"}],"about":[{"href":"https:\/\/emisora.univalle.edu.co\/index.php\/wp-json\/wp\/v2\/types\/post"}],"author":[{"embeddable":true,"href":"https:\/\/emisora.univalle.edu.co\/index.php\/wp-json\/wp\/v2\/users\/1"}],"replies":[{"embeddable":true,"href":"https:\/\/emisora.univalle.edu.co\/index.php\/wp-json\/wp\/v2\/comments?post=4741"}],"version-history":[{"count":1,"href":"https:\/\/emisora.univalle.edu.co\/index.php\/wp-json\/wp\/v2\/posts\/4741\/revisions"}],"predecessor-version":[{"id":4748,"href":"https:\/\/emisora.univalle.edu.co\/index.php\/wp-json\/wp\/v2\/posts\/4741\/revisions\/4748"}],"wp:featuredmedia":[{"embeddable":true,"href":"https:\/\/emisora.univalle.edu.co\/index.php\/wp-json\/wp\/v2\/media\/4747"}],"wp:attachment":[{"href":"https:\/\/emisora.univalle.edu.co\/index.php\/wp-json\/wp\/v2\/media?parent=4741"}],"wp:term":[{"taxonomy":"category","embeddable":true,"href":"https:\/\/emisora.univalle.edu.co\/index.php\/wp-json\/wp\/v2\/categories?post=4741"},{"taxonomy":"post_tag","embeddable":true,"href":"https:\/\/emisora.univalle.edu.co\/index.php\/wp-json\/wp\/v2\/tags?post=4741"}],"curies":[{"name":"wp","href":"https:\/\/api.w.org\/{rel}","templated":true}]}}