{"id":4762,"date":"2015-06-23T10:04:49","date_gmt":"2015-06-23T15:04:49","guid":{"rendered":"https:\/\/emisora.univalle.edu.co\/\/?p=4762"},"modified":"2015-06-23T10:04:49","modified_gmt":"2015-06-23T15:04:49","slug":"el-cine-por-los-caminos-de-la-locura","status":"publish","type":"post","link":"https:\/\/emisora.univalle.edu.co\/index.php\/el-cine-por-los-caminos-de-la-locura\/","title":{"rendered":"El cine por los Caminos de la Locura"},"content":{"rendered":"<p><span style=\"line-height: 1.5em;\">El Cine Foro de los jueves de julio en la Biblioteca Departamental Jorge Garc\u00e9s Borrero se llevar\u00e1 a cabo \u201cpor los Caminos de la Locura\u201d, ciclo que comenzar\u00e1 el d\u00eda 2 de julio con el film Resplandor.<\/span><\/p>\n<p>Al terror psicol\u00f3gico le seguir\u00e1 Apocalypse Now, dirigida por Francis Ford Coppola, cuya proyecci\u00f3n ser\u00e1 el 9 de julio.<\/p>\n<p>Para el 16 se program\u00f3 la pel\u00edcula colombiana Locos, realizada en el 2011 con la direcci\u00f3n de Harold Trompetero.<\/p>\n<p>Concluye el ciclo de cine \u201cpor los caminos de la locura\u201d con el film El ocaso de los dioses, el d\u00eda 23.<\/p>\n<p>Julio tendr\u00e1 en la Biblioteca Departamental Jorge Garc\u00e9s Borrero 481 minutos de cine de locura totalmente gratis.<\/p>\n<p><strong>Los jueves de julio 6:30 pm.<\/strong><b><\/b><\/p>\n<p><strong>Auditorio \u00d3scar Gerardo Ramos-Entrada libre<\/strong><\/p>\n<p>Fuente: Comunicaciones Gobernaci\u00f3n<\/p>\n","protected":false},"excerpt":{"rendered":"<p>El Cine Foro de los jueves de julio en la Biblioteca Departamental Jorge Garc\u00e9s Borrero se llevar\u00e1 a cabo \u201cpor los Caminos de la Locura\u201d, ciclo que comenzar\u00e1 el d\u00eda 2 de julio con el film Resplandor. Al terror psicol\u00f3gico le seguir\u00e1 Apocalypse Now, dirigida por Francis Ford Coppola, cuya[&#8230;]<\/p>\n","protected":false},"author":1,"featured_media":4763,"comment_status":"open","ping_status":"open","sticky":false,"template":"","format":"standard","meta":{"footnotes":""},"categories":[4],"tags":[],"_links":{"self":[{"href":"https:\/\/emisora.univalle.edu.co\/index.php\/wp-json\/wp\/v2\/posts\/4762"}],"collection":[{"href":"https:\/\/emisora.univalle.edu.co\/index.php\/wp-json\/wp\/v2\/posts"}],"about":[{"href":"https:\/\/emisora.univalle.edu.co\/index.php\/wp-json\/wp\/v2\/types\/post"}],"author":[{"embeddable":true,"href":"https:\/\/emisora.univalle.edu.co\/index.php\/wp-json\/wp\/v2\/users\/1"}],"replies":[{"embeddable":true,"href":"https:\/\/emisora.univalle.edu.co\/index.php\/wp-json\/wp\/v2\/comments?post=4762"}],"version-history":[{"count":1,"href":"https:\/\/emisora.univalle.edu.co\/index.php\/wp-json\/wp\/v2\/posts\/4762\/revisions"}],"predecessor-version":[{"id":4770,"href":"https:\/\/emisora.univalle.edu.co\/index.php\/wp-json\/wp\/v2\/posts\/4762\/revisions\/4770"}],"wp:featuredmedia":[{"embeddable":true,"href":"https:\/\/emisora.univalle.edu.co\/index.php\/wp-json\/wp\/v2\/media\/4763"}],"wp:attachment":[{"href":"https:\/\/emisora.univalle.edu.co\/index.php\/wp-json\/wp\/v2\/media?parent=4762"}],"wp:term":[{"taxonomy":"category","embeddable":true,"href":"https:\/\/emisora.univalle.edu.co\/index.php\/wp-json\/wp\/v2\/categories?post=4762"},{"taxonomy":"post_tag","embeddable":true,"href":"https:\/\/emisora.univalle.edu.co\/index.php\/wp-json\/wp\/v2\/tags?post=4762"}],"curies":[{"name":"wp","href":"https:\/\/api.w.org\/{rel}","templated":true}]}}