{"id":4773,"date":"2015-06-23T10:07:34","date_gmt":"2015-06-23T15:07:34","guid":{"rendered":"https:\/\/emisora.univalle.edu.co\/\/?p=4773"},"modified":"2015-06-23T10:07:34","modified_gmt":"2015-06-23T15:07:34","slug":"cali-ultima-detalles-para-iniciar-el-mundial-de-atletismo-para-menores","status":"publish","type":"post","link":"https:\/\/emisora.univalle.edu.co\/index.php\/cali-ultima-detalles-para-iniciar-el-mundial-de-atletismo-para-menores\/","title":{"rendered":"Cali \u00faltima detalles para iniciar el Mundial de Atletismo para Menores"},"content":{"rendered":"<p><span style=\"line-height: 1.5em;\">\u00a0\u201cEstamos a solo 23 d\u00edas de mostrarle nuevamente a todo el planeta, la identidad deportiva de Santiago de Cali\u201d, expresa el secretario privado de la Alcald\u00eda, Juan Esteban \u00c1ngel Borrero, al anotar que los cale\u00f1os y el pa\u00eds entero ya sienten los vientos del Campeonato Mundial de Atletismo para Menores 2015, que realizar\u00e1 en esta capital la IAAF \u2013Federaci\u00f3n de Asociaciones de Atletismo internacional, por sus siglas en ingl\u00e9s-.<\/span><\/p>\n<p>El funcionario municipal se\u00f1al\u00f3 que en este certamen internacional, la afici\u00f3n y el mundo entero ver\u00e1n el nacimiento de nuevos atletas -como fueron Usain Bolt, Carl Lewis, entre otros- quienes sin duda brillar\u00e1n en pruebas ol\u00edmpicas en la pr\u00f3xima d\u00e9cada.<\/p>\n<p>Asimismo, dijo que a solo tres semanas de empezar este certamen juvenil\u00a0 del deporte base, ya se encuentran en la ciudad delegados de la IAAF como Luis Saladi, quien como \u00e9l en todo momento est\u00e1n acompa\u00f1ados por las autoridades del atletismo nacional, para que todo marche sin contratiempos.<\/p>\n<p>Record\u00f3 que este mundial contar\u00e1 con la participaci\u00f3n en las pruebas de pista y campo de 125 jueces de alt\u00edsimo nivel, como lo ameritan la ocasi\u00f3n y quienes han hecho parte de un riguroso sistema de selecci\u00f3n, de acuerdo con las pruebas que hayan juzgado a nivel orbital.<\/p>\n<p>Resalt\u00f3 que de esta baraja, cerca de una centena son vallecaucanos, quienes han participado tambi\u00e9n en extenuantes jornadas de capacitaci\u00f3n por parte de monitores de la IAAF.<\/p>\n<p>\u00c1ngel Borrero dijo que la ciudad est\u00e1 dispuesta y con los brazos abiertos para recibir a gente de los 5 continentes en la realizaci\u00f3n de este evento ecum\u00e9nico, en el que participar\u00e1n m\u00e1s de 2000 atletas de 180 pa\u00edses.<\/p>\n<p>Fuente: Comunicaciones Alcald\u00eda<\/p>\n","protected":false},"excerpt":{"rendered":"<p>\u00a0\u201cEstamos a solo 23 d\u00edas de mostrarle nuevamente a todo el planeta, la identidad deportiva de Santiago de Cali\u201d, expresa el secretario privado de la Alcald\u00eda, Juan Esteban \u00c1ngel Borrero, al anotar que los cale\u00f1os y el pa\u00eds entero ya sienten los vientos del Campeonato Mundial de Atletismo para Menores[&#8230;]<\/p>\n","protected":false},"author":1,"featured_media":4767,"comment_status":"open","ping_status":"open","sticky":false,"template":"","format":"standard","meta":{"footnotes":""},"categories":[4],"tags":[],"_links":{"self":[{"href":"https:\/\/emisora.univalle.edu.co\/index.php\/wp-json\/wp\/v2\/posts\/4773"}],"collection":[{"href":"https:\/\/emisora.univalle.edu.co\/index.php\/wp-json\/wp\/v2\/posts"}],"about":[{"href":"https:\/\/emisora.univalle.edu.co\/index.php\/wp-json\/wp\/v2\/types\/post"}],"author":[{"embeddable":true,"href":"https:\/\/emisora.univalle.edu.co\/index.php\/wp-json\/wp\/v2\/users\/1"}],"replies":[{"embeddable":true,"href":"https:\/\/emisora.univalle.edu.co\/index.php\/wp-json\/wp\/v2\/comments?post=4773"}],"version-history":[{"count":1,"href":"https:\/\/emisora.univalle.edu.co\/index.php\/wp-json\/wp\/v2\/posts\/4773\/revisions"}],"predecessor-version":[{"id":4774,"href":"https:\/\/emisora.univalle.edu.co\/index.php\/wp-json\/wp\/v2\/posts\/4773\/revisions\/4774"}],"wp:featuredmedia":[{"embeddable":true,"href":"https:\/\/emisora.univalle.edu.co\/index.php\/wp-json\/wp\/v2\/media\/4767"}],"wp:attachment":[{"href":"https:\/\/emisora.univalle.edu.co\/index.php\/wp-json\/wp\/v2\/media?parent=4773"}],"wp:term":[{"taxonomy":"category","embeddable":true,"href":"https:\/\/emisora.univalle.edu.co\/index.php\/wp-json\/wp\/v2\/categories?post=4773"},{"taxonomy":"post_tag","embeddable":true,"href":"https:\/\/emisora.univalle.edu.co\/index.php\/wp-json\/wp\/v2\/tags?post=4773"}],"curies":[{"name":"wp","href":"https:\/\/api.w.org\/{rel}","templated":true}]}}