{"id":4777,"date":"2015-06-23T10:12:40","date_gmt":"2015-06-23T15:12:40","guid":{"rendered":"https:\/\/emisora.univalle.edu.co\/\/?p=4777"},"modified":"2015-06-23T10:12:40","modified_gmt":"2015-06-23T15:12:40","slug":"jornada-con-normalistas-para-la-ensenanza-del-ingles","status":"publish","type":"post","link":"https:\/\/emisora.univalle.edu.co\/index.php\/jornada-con-normalistas-para-la-ensenanza-del-ingles\/","title":{"rendered":"Jornada con Normalistas para la Ense\u00f1anza del Ingl\u00e9s"},"content":{"rendered":"<p><span style=\"line-height: 1.5em;\">Los estudiantes de grado 12 y 13 de las escuelas normales superiores\u202f Farallones y Santiago de Cali participaron, el pasado 19 de junio, en la \u2018Jornada de socializaci\u00f3n del programa de fortalecimiento de la ense\u00f1anza del ingl\u00e9s\u2019, evento que se llev\u00f3 a cabo en el auditorio \u00c1ngel Zapata de la Biblioteca Mario Carvajal de la Universidad del Valle.<\/span><\/p>\n<p>La jornada hace parte de la iniciativa \u2018Biling\u00fcismo para la competitividad\u2019, trabajo \u00a0que viene desarrollando la Escuela de Ciencias del Lenguaje de la Universidad del Valle y la Fundaci\u00f3n Suramericana, en conjunto con la Secretar\u00eda de Educaci\u00f3n del Municipio de Santiago de Cali.<\/p>\n<p>Durante el encuentro, los estudiantes participaron en el taller &#8216;\u00bfQu\u00e9 dicen los ni\u00f1os y ni\u00f1as sobre el aprendizaje y la ense\u00f1anza del ingl\u00e9s?&#8217;, por parte de las profesoras Isabel Cristina Cadavid y Diana Isabel Quinch\u00eda, de la Universidad de Antioquia.<\/p>\n<p>Quinch\u00eda manifest\u00f3 que \u201cel Taller es resultado de una investigaci\u00f3n que realizamos con 60 ni\u00f1os y ni\u00f1as de \u00a0primero, tercero y quinto de primaria de cuatro colegios -privados y p\u00fablicos- para identificar cu\u00e1les son las representaciones sociales que elaboran en torno a la ense\u00f1anza y aprendizaje del ingl\u00e9s\u201d.<\/p>\n<p>Las investigadoras utilizaron la representaci\u00f3n dram\u00e1tica y el juego entre los estudiantes para conocer su idea sobre el tema planteado.<\/p>\n<p>Como resultado \u2013destacaron\u2013 se observ\u00f3 que hay una tendencia a que los ni\u00f1os y ni\u00f1as vean el ingl\u00e9s como instrumento de poder del profesor, describi\u00e9ndolo al lado del tablero, con los objetos de estudio en sus manos y distante.<\/p>\n<p>Esto se debe \u2013explic\u00f3 Quinch\u00eda\u2013 a que el estudiante recibe m\u00e1s informaci\u00f3n que experiencia en torno al aprendizaje del ingl\u00e9s; es decir, el profesor se concentra m\u00e1s en entregar vocabulario y gram\u00e1tica que en integrar el lenguaje a la experiencia cotidiana del ni\u00f1o, eso con el fin que la materia tenga significado en su vida.<\/p>\n<p>El programa \u2018Biling\u00fcismo para la competitividad\u2019 de la Universidad del Valle busca contribuir a la construcci\u00f3n de un nuevo perfil del docente de b\u00e1sica primaria, en este caso normalista, para que incorpore a sus saberes y experticia en la ense\u00f1anza del ingl\u00e9s nuevas competencias con el objeto de realizar su labor con propiedad y eficiencia.<\/p>\n<p>De esta manera, el maestro ayudar\u00e1 a construir buenas bases del idioma en los ni\u00f1os del sector oficial (sector en donde usualmente trabajan los egresados de las Escuelas Normales) y aportar\u00e1 a la equidad en la educaci\u00f3n en este campo.<\/p>\n<p>Este programa de la Escuela de Ciencias del Lenguaje de Univalle constituye una experiencia positiva, si tenemos en cuenta que s\u00f3lo a partir de 1994 se introdujo la ense\u00f1anza de las lenguas extranjeras en la primaria oficial.<\/p>\n<p><strong>Ver video:<\/strong>\u00a0<a href=\"http:\/\/bilinguismoparalacompetitividadvalle.com\/\" target=\"_blank\">http:\/\/bilinguismoparalacompetitividadvalle.com\/<\/a><\/p>\n<p><b>Fuente: Agencia de Noticias Univalle<\/b><\/p>\n","protected":false},"excerpt":{"rendered":"<p>Los estudiantes de grado 12 y 13 de las escuelas normales superiores\u202f Farallones y Santiago de Cali participaron, el pasado 19 de junio, en la \u2018Jornada de socializaci\u00f3n del programa de fortalecimiento de la ense\u00f1anza del ingl\u00e9s\u2019, evento que se llev\u00f3 a cabo en el auditorio \u00c1ngel Zapata de la[&#8230;]<\/p>\n","protected":false},"author":1,"featured_media":4768,"comment_status":"open","ping_status":"open","sticky":false,"template":"","format":"standard","meta":{"footnotes":""},"categories":[4],"tags":[],"_links":{"self":[{"href":"https:\/\/emisora.univalle.edu.co\/index.php\/wp-json\/wp\/v2\/posts\/4777"}],"collection":[{"href":"https:\/\/emisora.univalle.edu.co\/index.php\/wp-json\/wp\/v2\/posts"}],"about":[{"href":"https:\/\/emisora.univalle.edu.co\/index.php\/wp-json\/wp\/v2\/types\/post"}],"author":[{"embeddable":true,"href":"https:\/\/emisora.univalle.edu.co\/index.php\/wp-json\/wp\/v2\/users\/1"}],"replies":[{"embeddable":true,"href":"https:\/\/emisora.univalle.edu.co\/index.php\/wp-json\/wp\/v2\/comments?post=4777"}],"version-history":[{"count":1,"href":"https:\/\/emisora.univalle.edu.co\/index.php\/wp-json\/wp\/v2\/posts\/4777\/revisions"}],"predecessor-version":[{"id":4778,"href":"https:\/\/emisora.univalle.edu.co\/index.php\/wp-json\/wp\/v2\/posts\/4777\/revisions\/4778"}],"wp:featuredmedia":[{"embeddable":true,"href":"https:\/\/emisora.univalle.edu.co\/index.php\/wp-json\/wp\/v2\/media\/4768"}],"wp:attachment":[{"href":"https:\/\/emisora.univalle.edu.co\/index.php\/wp-json\/wp\/v2\/media?parent=4777"}],"wp:term":[{"taxonomy":"category","embeddable":true,"href":"https:\/\/emisora.univalle.edu.co\/index.php\/wp-json\/wp\/v2\/categories?post=4777"},{"taxonomy":"post_tag","embeddable":true,"href":"https:\/\/emisora.univalle.edu.co\/index.php\/wp-json\/wp\/v2\/tags?post=4777"}],"curies":[{"name":"wp","href":"https:\/\/api.w.org\/{rel}","templated":true}]}}