{"id":4779,"date":"2015-06-23T10:14:44","date_gmt":"2015-06-23T15:14:44","guid":{"rendered":"https:\/\/emisora.univalle.edu.co\/\/?p=4779"},"modified":"2015-06-23T10:14:52","modified_gmt":"2015-06-23T15:14:52","slug":"por-alerta-roja-del-ideam-alcaldia-llama-al-autocuidado-y-ahorro-del-agua","status":"publish","type":"post","link":"https:\/\/emisora.univalle.edu.co\/index.php\/por-alerta-roja-del-ideam-alcaldia-llama-al-autocuidado-y-ahorro-del-agua\/","title":{"rendered":"Por alerta roja del Ideam Alcald\u00eda llama al autocuidado y ahorro del agua"},"content":{"rendered":"<p>El Instituto de Hidrolog\u00eda, Meteorolog\u00eda y Estudios Ambientales \u2013Ideam- declar\u00f3 la alerta roja por \u201camenaza alta de ocurrencia de incendios de la cobertura vegetal\u201d, en Cali y otros municipios del Valle del Cauca, raz\u00f3n por la cual la Alcald\u00eda de Cali, desde el Consejo Municipal para la Gesti\u00f3n del Riesgo de Desastres \u2013Cmgrd- le hace un llamado a la comunidad para el autocuidado y ahorro de agua.<\/p>\n<p>De acuerdo con la alerta -emitida por el Ideam- la amenaza de ocurrencia de incendios se puede registrar en zonas de bosques, cultivos y pastos, localizados en Cali y en municipios como Zarzal, Yotoco, Vijes, Trujillo, Roldanillo, Restrepo, Pradera y Palmira. As\u00ed como en La Cumbre, Jamund\u00ed,\u00a0 Ginebra, Florida, Dagua, Candelaria, Calima, Buga, Bol\u00edvar, Argelia y Ansermanuevo.<\/p>\n<p>Rodrigo Zamorano Sanclemente, coordinador del Cmgrd, advirti\u00f3 que la alerta roja para Cali es muy grave y se debe a las anomal\u00edas del Pac\u00edfico y la llegada del Fen\u00f3meno del Ni\u00f1o. Por eso los cale\u00f1os deber\u00e1n actuar como los primeros respondientes en su autocuidado y el del medioambiente, toda vez que no solo se podr\u00e1n registrar incendios forestales, sino que los caudales de los r\u00edos Mel\u00e9ndez y Cali se ver\u00e1n bastante afectados por esta temporada de calor.<\/p>\n<p>\u201cNo se trata de ser alarmistas, sino que la comunidad entienda que esta alerta debe llevar a un autocuidado y a ahorrar agua, pues a finales de julio los r\u00edos Mel\u00e9ndez y Cali \u2018desaparecen\u2019 pr\u00e1cticamente, y se podr\u00e1 caminar por ellos. De all\u00ed el llamado a todos los cale\u00f1os a disminuir el tiempo en la ducha, a cerrar las llaves mientras se cepillan, a no lavar los carros o regar el jard\u00edn con agua potable. Debemos propender porque en el momento de una sequ\u00eda haya agua para mantenernos\u201d, dijo Zamorano.<\/p>\n<p>Agreg\u00f3 que pese a que se han registrado peque\u00f1as precipitaciones en la ciudad, las cuales ayudan a prevenir los incendios forestales, estas no nutren los reservorios de agua que es lo que se necesita, ya que son lluvias muy cortas y de pocos mil\u00edmetros de agua.<\/p>\n<p>De all\u00ed la importancia del ahorro, ya que -durante mayo- la reducci\u00f3n de precipitaciones fue del 48 % mientras que en abril fue del 15 % y la que se avecina puede ser muy alta.<\/p>\n<p>Ante la ola de calor que afecta a los colombianos por estos d\u00edas, el funcionario recomend\u00f3 usar protecci\u00f3n solar e hidratar, en especial, a los menores de edad y adultos mayores.<\/p>\n<p>Argument\u00f3 que la alerta roja va para junio, julio, agosto y septiembre y el pron\u00f3stico del Fen\u00f3meno del Ni\u00f1o va hasta agosto con un\u00a0 90 % de probabilidad y en diciembre baja al 85 %.<\/p>\n<p>\u201cCabe aclarar que una cosa es la sensaci\u00f3n t\u00e9rmica y otra cosa es la temperatura, esta \u00faltima podr\u00e1 llegar a los 34 grados cent\u00edgrados, mientras que la sensaci\u00f3n en una persona podr\u00e1 ser de 37 grados, por eso es tan importante mantenerse hidratado\u201d, asegur\u00f3 Zamorano.<\/p>\n<p><strong>Tenga en cuenta<\/strong><\/p>\n<p>Los incendios forestales en su mayor\u00eda son provocados, por lo que los ciudadanos deben denunciar a quienes los provocan. La l\u00ednea para reportar emergencias y denunciar es 119.<\/p>\n<p>Tambi\u00e9n puede llamar al Consejo para la Gesti\u00f3n del Riesgo de Desastres a la l\u00ednea 660 4826.<\/p>\n<p>No deje desperdicios en parques o en zonas verdes que puedan generar incendios forestales, tales como colillas de cigarrillos, vidrios, basura y todo material inflamable.<\/p>\n<p>Los vidrios son como lupas, generan altas temperaturas bajo el sol y ocasionan conflagraciones que acaban con la fauna y flora.<\/p>\n<p><strong>No realice fogatas durante sus paseos.<\/strong><\/p>\n<p><strong>D\u00f3nde llamar en\u00a0 caso de emergencia<\/strong><\/p>\n<p><strong>Bomberos:\u00a0\u00a0\u00a0\u00a0\u00a0\u00a0\u00a0\u00a0\u00a0 119<\/strong><b><br \/>\n<strong>Cmgrd:\u00a0\u00a0\u00a0\u00a0\u00a0\u00a0\u00a0\u00a0\u00a0\u00a0\u00a0\u00a0\u00a0 660 4826<\/strong><br \/>\n<strong>Emcali:\u00a0\u00a0\u00a0\u00a0\u00a0\u00a0\u00a0\u00a0\u00a0\u00a0\u00a0\u00a0\u00a0 117<\/strong><br \/>\n<strong>Cruz Roja:\u00a0\u00a0\u00a0\u00a0\u00a0\u00a0\u00a0\u00a0 132<\/strong><br \/>\n<strong>Dagma:\u00a0\u00a0\u00a0\u00a0\u00a0\u00a0\u00a0\u00a0\u00a0\u00a0\u00a0\u00a0 660 02 08<\/strong><br \/>\n<strong>Secretar\u00eda de Salud:\u00a0\u00a0\u00a0 554 1030<\/strong><\/b><\/p>\n<p>Fuente: Comunicaciones Alcald\u00eda<\/p>\n","protected":false},"excerpt":{"rendered":"<p>El Instituto de Hidrolog\u00eda, Meteorolog\u00eda y Estudios Ambientales \u2013Ideam- declar\u00f3 la alerta roja por \u201camenaza alta de ocurrencia de incendios de la cobertura vegetal\u201d, en Cali y otros municipios del Valle del Cauca, raz\u00f3n por la cual la Alcald\u00eda de Cali, desde el Consejo Municipal para la Gesti\u00f3n del Riesgo[&#8230;]<\/p>\n","protected":false},"author":1,"featured_media":4764,"comment_status":"open","ping_status":"open","sticky":false,"template":"","format":"standard","meta":{"footnotes":""},"categories":[4],"tags":[],"_links":{"self":[{"href":"https:\/\/emisora.univalle.edu.co\/index.php\/wp-json\/wp\/v2\/posts\/4779"}],"collection":[{"href":"https:\/\/emisora.univalle.edu.co\/index.php\/wp-json\/wp\/v2\/posts"}],"about":[{"href":"https:\/\/emisora.univalle.edu.co\/index.php\/wp-json\/wp\/v2\/types\/post"}],"author":[{"embeddable":true,"href":"https:\/\/emisora.univalle.edu.co\/index.php\/wp-json\/wp\/v2\/users\/1"}],"replies":[{"embeddable":true,"href":"https:\/\/emisora.univalle.edu.co\/index.php\/wp-json\/wp\/v2\/comments?post=4779"}],"version-history":[{"count":2,"href":"https:\/\/emisora.univalle.edu.co\/index.php\/wp-json\/wp\/v2\/posts\/4779\/revisions"}],"predecessor-version":[{"id":4781,"href":"https:\/\/emisora.univalle.edu.co\/index.php\/wp-json\/wp\/v2\/posts\/4779\/revisions\/4781"}],"wp:featuredmedia":[{"embeddable":true,"href":"https:\/\/emisora.univalle.edu.co\/index.php\/wp-json\/wp\/v2\/media\/4764"}],"wp:attachment":[{"href":"https:\/\/emisora.univalle.edu.co\/index.php\/wp-json\/wp\/v2\/media?parent=4779"}],"wp:term":[{"taxonomy":"category","embeddable":true,"href":"https:\/\/emisora.univalle.edu.co\/index.php\/wp-json\/wp\/v2\/categories?post=4779"},{"taxonomy":"post_tag","embeddable":true,"href":"https:\/\/emisora.univalle.edu.co\/index.php\/wp-json\/wp\/v2\/tags?post=4779"}],"curies":[{"name":"wp","href":"https:\/\/api.w.org\/{rel}","templated":true}]}}