{"id":4787,"date":"2015-06-23T10:41:12","date_gmt":"2015-06-23T15:41:12","guid":{"rendered":"https:\/\/emisora.univalle.edu.co\/\/?p=4787"},"modified":"2015-06-23T10:41:45","modified_gmt":"2015-06-23T15:41:45","slug":"consejo-de-la-orden-de-la-independencia-definio-agenda-y-nombres-de-personalidades-destacar-el-3-de-julio","status":"publish","type":"post","link":"https:\/\/emisora.univalle.edu.co\/index.php\/consejo-de-la-orden-de-la-independencia-definio-agenda-y-nombres-de-personalidades-destacar-el-3-de-julio\/","title":{"rendered":"Consejo de la Orden de la Independencia defini\u00f3 agenda y nombres a destacar el 3 de julio"},"content":{"rendered":"<p><span style=\"line-height: 1.5em;\">El Consejo de la Orden de la Independencia de Santiago de Cali, defini\u00f3 los nombres de los cale\u00f1os y vallecaucanos que recibir\u00e1n el pr\u00f3ximo 3 de julio la Medalla Orden de la Independencia, durante la celebraci\u00f3n de la festividad Grito de Independencia de Santiago de Cali.<\/span><\/p>\n<p>En la misma sesi\u00f3n se acord\u00f3 rendir homenaje a las Fuerzas Militares de Colombia y de Polic\u00eda, de ah\u00ed que el dise\u00f1o de la tarjeta de invitaci\u00f3n se haya construido con im\u00e1genes a las batallas m\u00e1s representativas que se libraron en la regi\u00f3n del valle del Cauca Grande, tomadas del libro del historiador Alberto Silva Scarpetta.<\/p>\n<p>El Alcalde de Cali Rodrigo Guerrero Velasco, Gran Canciller de la Orden de la Independencia, Clementina V\u00e9lez G\u00e1lvez, Presidenta del Concejo y Gran Maestre y Luis Antonio Cuellar Mendoza, Presidente de la Academia de Historia del Valle del Cauca y Canciller de la Orden de la Independencia acordaron entregar la Medalla en el siguiente orden:<\/p>\n<p>Cesar Augusto Acevedo, profesional de la facultad de comunicaci\u00f3n social de la Universidad del Valle, quien fue galardonado\u00a0 con tres premios en el Festival de Cine de Cannes por el film \u201cLa tierra y la sombra\u201d.<\/p>\n<p>La pel\u00edcula se llev\u00f3 el premio SACD de la sociedad de autores, El France 4 Visionary Award \u00f3 premio revelaci\u00f3n y el Le Rails d\u2019or, el premio del p\u00fablico.<\/p>\n<p>La pel\u00edcula rodada en el Valle del Cauca con actores del lugar relata la historia de un campesino que regresa a su casa tras una ausencia de 17 a\u00f1os. Al volver comprende que su pasado ha desaparecido y que su familia est\u00e1 transformada.<\/p>\n<p>Armando Barona Mesa, abogado de la Universidad del Cauca, quien ha prestados sus servicios al pa\u00eds como Juez de la Rep\u00fablica, como Concejal, Congresista, Delegado ante la Asamblea de Naciones Unidas con encargo de Embajador Plenipotenciario, escritor de m\u00e1s de 12 libros, miembro de la academia de Historia del Valle del Cauca y columnista de diarios impresos. Barona Mesa es oriundo del Municipio de Cartago, Municipio Confederado del Valle del Cauca.<\/p>\n<p>Y Nancy Palacios Mena, Licenciada en Ciencias Sociales\u00a0 y Maestr\u00eda en Psicolog\u00eda de la Universidad del Valle, quien recientemente fue galardonada con el Premio Gran Maestra Premio Compartir 2015, por la iniciativa \u201cLa indagaci\u00f3n como estrategia pedag\u00f3gica para la ense\u00f1anza de las ciencias sociales\u201d, con la cual incentiva la renovaci\u00f3n de los m\u00e9todos pedag\u00f3gicos en la ense\u00f1anza de las ciencias sociales. Palacios Mena es actualmente docente de la Instituci\u00f3n Educativa Santa Ana de los Caballeros, de Ansermanuevo, Municipio que hace parte de las ciudades confederadas del Valle del Cauca.<\/p>\n<p>La Medalla Orden de la Independencia de Cali, se realizar\u00e1n en el bulevar del r\u00edo Cali o plataforma de la Avenida Colombia frente al Puente Ortiz, a partir de las 4 de la tarde.<\/p>\n<p>El 3 de julio iniciar\u00e1 con la izada de las banderas de Colombia, Valle y Cali, a las 9 de la ma\u00f1ana en la plazoleta del Centro Administrativo Municipal CAM, y una ofrenda floral a la estatua de Joaqu\u00edn de Caycedo y Cuero, como gestor de los ej\u00e9rcitos que conformaron las ciudades confederadas de las que hicieron parte Cartago, Ansermanuevo, Toro, Cali, Buga y Caloto.<\/p>\n<p>Fuente: Comunicaciones Concejo de Cali<\/p>\n","protected":false},"excerpt":{"rendered":"<p>El Consejo de la Orden de la Independencia de Santiago de Cali, defini\u00f3 los nombres de los cale\u00f1os y vallecaucanos que recibir\u00e1n el pr\u00f3ximo 3 de julio la Medalla Orden de la Independencia, durante la celebraci\u00f3n de la festividad Grito de Independencia de Santiago de Cali. En la misma sesi\u00f3n[&#8230;]<\/p>\n","protected":false},"author":1,"featured_media":4788,"comment_status":"open","ping_status":"open","sticky":false,"template":"","format":"standard","meta":{"footnotes":""},"categories":[4],"tags":[],"_links":{"self":[{"href":"https:\/\/emisora.univalle.edu.co\/index.php\/wp-json\/wp\/v2\/posts\/4787"}],"collection":[{"href":"https:\/\/emisora.univalle.edu.co\/index.php\/wp-json\/wp\/v2\/posts"}],"about":[{"href":"https:\/\/emisora.univalle.edu.co\/index.php\/wp-json\/wp\/v2\/types\/post"}],"author":[{"embeddable":true,"href":"https:\/\/emisora.univalle.edu.co\/index.php\/wp-json\/wp\/v2\/users\/1"}],"replies":[{"embeddable":true,"href":"https:\/\/emisora.univalle.edu.co\/index.php\/wp-json\/wp\/v2\/comments?post=4787"}],"version-history":[{"count":2,"href":"https:\/\/emisora.univalle.edu.co\/index.php\/wp-json\/wp\/v2\/posts\/4787\/revisions"}],"predecessor-version":[{"id":4790,"href":"https:\/\/emisora.univalle.edu.co\/index.php\/wp-json\/wp\/v2\/posts\/4787\/revisions\/4790"}],"wp:featuredmedia":[{"embeddable":true,"href":"https:\/\/emisora.univalle.edu.co\/index.php\/wp-json\/wp\/v2\/media\/4788"}],"wp:attachment":[{"href":"https:\/\/emisora.univalle.edu.co\/index.php\/wp-json\/wp\/v2\/media?parent=4787"}],"wp:term":[{"taxonomy":"category","embeddable":true,"href":"https:\/\/emisora.univalle.edu.co\/index.php\/wp-json\/wp\/v2\/categories?post=4787"},{"taxonomy":"post_tag","embeddable":true,"href":"https:\/\/emisora.univalle.edu.co\/index.php\/wp-json\/wp\/v2\/tags?post=4787"}],"curies":[{"name":"wp","href":"https:\/\/api.w.org\/{rel}","templated":true}]}}