{"id":4794,"date":"2015-06-23T15:41:59","date_gmt":"2015-06-23T20:41:59","guid":{"rendered":"https:\/\/emisora.univalle.edu.co\/\/?p=4794"},"modified":"2015-06-23T15:43:00","modified_gmt":"2015-06-23T20:43:00","slug":"21-ferias-de-la-neblina-en-versalles","status":"publish","type":"post","link":"https:\/\/emisora.univalle.edu.co\/index.php\/21-ferias-de-la-neblina-en-versalles\/","title":{"rendered":"21 Ferias de la Neblina en Versalles"},"content":{"rendered":"<p><span style=\"line-height: 1.5em;\">La Alcald\u00eda municipal de Versalles invita a la vig\u00e9sima primera versi\u00f3n de las Ferias de la Neblina del 26 al 29 de Junio, donde tendr\u00e1n cabalgata, v\u00e1lida de motocross, parapentismo, carreras de balineras y artistas nacionales e internacionales.<\/span><\/p>\n<p>\u201cEstamos invitando a todos los vallecaucanos para que visiten el pr\u00f3ximo fin de semana a nuestro bello municipio de Versalles, que celebrar\u00e1 las 21 Ferias de la neblina con artistas como Jorge Celed\u00f3n, Nelson y sus estrellas y Galy Galiano. Pueden tener la seguridad total porque nuestro municipio cumple 4 a\u00f1os sin homicidios, hecho que aumenta la confianza para propios y visitantes. Adem\u00e1s tendremos el s\u00e1bado de fiestas a la Liga de Boxeo Vallecaucana con m\u00e1s de 30 peleas al aire libre\u201d, dijo el Alcalde municipal, Dar\u00edo Rodr\u00edguez Jim\u00e9nez.<\/p>\n<p>La Gobernaci\u00f3n del Valle del Cauca y la Alcald\u00eda municipal de esa localidad norte vallecaucana, extienden la invitaci\u00f3n a toda la ciudadan\u00eda para que visiten esta municipalidad vallecaucana.<\/p>\n","protected":false},"excerpt":{"rendered":"<p>La Alcald\u00eda municipal de Versalles invita a la vig\u00e9sima primera versi\u00f3n de las Ferias de la Neblina del 26 al 29 de Junio, donde tendr\u00e1n cabalgata, v\u00e1lida de motocross, parapentismo, carreras de balineras y artistas nacionales e internacionales. \u201cEstamos invitando a todos los vallecaucanos para que visiten el pr\u00f3ximo fin[&#8230;]<\/p>\n","protected":false},"author":1,"featured_media":4795,"comment_status":"open","ping_status":"open","sticky":false,"template":"","format":"standard","meta":{"footnotes":""},"categories":[4],"tags":[],"_links":{"self":[{"href":"https:\/\/emisora.univalle.edu.co\/index.php\/wp-json\/wp\/v2\/posts\/4794"}],"collection":[{"href":"https:\/\/emisora.univalle.edu.co\/index.php\/wp-json\/wp\/v2\/posts"}],"about":[{"href":"https:\/\/emisora.univalle.edu.co\/index.php\/wp-json\/wp\/v2\/types\/post"}],"author":[{"embeddable":true,"href":"https:\/\/emisora.univalle.edu.co\/index.php\/wp-json\/wp\/v2\/users\/1"}],"replies":[{"embeddable":true,"href":"https:\/\/emisora.univalle.edu.co\/index.php\/wp-json\/wp\/v2\/comments?post=4794"}],"version-history":[{"count":2,"href":"https:\/\/emisora.univalle.edu.co\/index.php\/wp-json\/wp\/v2\/posts\/4794\/revisions"}],"predecessor-version":[{"id":4797,"href":"https:\/\/emisora.univalle.edu.co\/index.php\/wp-json\/wp\/v2\/posts\/4794\/revisions\/4797"}],"wp:featuredmedia":[{"embeddable":true,"href":"https:\/\/emisora.univalle.edu.co\/index.php\/wp-json\/wp\/v2\/media\/4795"}],"wp:attachment":[{"href":"https:\/\/emisora.univalle.edu.co\/index.php\/wp-json\/wp\/v2\/media?parent=4794"}],"wp:term":[{"taxonomy":"category","embeddable":true,"href":"https:\/\/emisora.univalle.edu.co\/index.php\/wp-json\/wp\/v2\/categories?post=4794"},{"taxonomy":"post_tag","embeddable":true,"href":"https:\/\/emisora.univalle.edu.co\/index.php\/wp-json\/wp\/v2\/tags?post=4794"}],"curies":[{"name":"wp","href":"https:\/\/api.w.org\/{rel}","templated":true}]}}