{"id":4799,"date":"2015-06-23T15:46:41","date_gmt":"2015-06-23T20:46:41","guid":{"rendered":"https:\/\/emisora.univalle.edu.co\/\/?p=4799"},"modified":"2015-06-23T15:47:06","modified_gmt":"2015-06-23T20:47:06","slug":"santiago-de-cali-contara-con-120-nuevos-promotores-de-paz-este-miercoles","status":"publish","type":"post","link":"https:\/\/emisora.univalle.edu.co\/index.php\/santiago-de-cali-contara-con-120-nuevos-promotores-de-paz-este-miercoles\/","title":{"rendered":"Santiago de Cali contar\u00e1 con 120 nuevos promotores de paz"},"content":{"rendered":"<p><span style=\"line-height: 1.5em;\">El asesor de Paz de la Alcald\u00eda de Cali, Felipe Montoya, indic\u00f3 que la tercera promoci\u00f3n del programa \u2018Promotores de paz\u2019 graduar\u00e1 este\u00a0 mi\u00e9rcoles 24 de junio a 120 estudiantes, quienes ser\u00e1n certificados por sus habilidades para promover la sana convivencia, la armon\u00eda escolar, la aplicaci\u00f3n de los Derechos Humanos y de valores en su entorno.<\/span><\/p>\n<div>\n<p>Esos son algunos de los temas que se abordaron durante 20 horas en el programa \u2018Promotores de paz\u2019 que ofrece la Asesor\u00eda a los estudiantes de Cali a trav\u00e9s de talleres, salidas pedag\u00f3gicas y campa\u00f1as de concientizaci\u00f3n del buen trato.<\/p>\n<p>Los nuevos\u00a0 \u2018promotores de paz\u2019 son alumnos de la Asociaci\u00f3n C\u00e9sar Conto y la Corporaci\u00f3n Educativa Antonio Maceo, desde el grado 3 a 11. En 2014, fueron certificados 241 estudiantes.<\/p>\n<p>\u201cLograr que en el primer semestre de este a\u00f1o ya sean 361 estudiantes sensibilizados es muy importante porque con cada ni\u00f1o que logremos impactar estamos disminuyendo pr\u00e1cticas violentas en las aulas y las comunas de Cali. Ellos necesitan ser capacitados para afrontar sus realidades y prepararse para el futuro. La paz es un ejercicio diario que depende de nuestras decisiones. Por eso es fundamental formar a los menores de edad para construir y aportar desde ya a una mejor ciudad\u201d, resalta el funcionario.<\/p>\n<p><strong>Datos de graduaci\u00f3n<\/strong><\/p>\n<p>\u00b7\u00a0 La ceremonia de graduaci\u00f3n de los 120 nuevos \u2018promotores de paz\u2019 ser\u00e1 a las 9:00 a.m. en las instalaciones de la\u00a0 Corporaci\u00f3n Educativa\u00a0 Antonio Maceo, ubicada en la carrera 11 -1 #6504, barrio Nueva Base.\u00a0 Se adjunta mapa<\/p>\n<p>Ximena Cabrera Minotta, Comunicaciones Asesor\u00eda de Paz<br \/>\nContacto: 316 577 4677<br \/>\nPortal:<a href=\"http:\/\/http\/\/www.cali.gov.co\/desepaz\/\">\u00a0http:\/\/www.cali.gov.co\/desepaz\/<\/a><br \/>\nRedes sociales:<br \/>\nTwitter: @DESEPAZ<br \/>\nFacebook: Asesor\u00eda de Paz\/ Desepaz -Alcald\u00eda de Cali<\/p>\n<\/div>\n","protected":false},"excerpt":{"rendered":"<p>El asesor de Paz de la Alcald\u00eda de Cali, Felipe Montoya, indic\u00f3 que la tercera promoci\u00f3n del programa \u2018Promotores de paz\u2019 graduar\u00e1 este\u00a0 mi\u00e9rcoles 24 de junio a 120 estudiantes, quienes ser\u00e1n certificados por sus habilidades para promover la sana convivencia, la armon\u00eda escolar, la aplicaci\u00f3n de los Derechos Humanos[&#8230;]<\/p>\n","protected":false},"author":1,"featured_media":4800,"comment_status":"open","ping_status":"open","sticky":false,"template":"","format":"standard","meta":{"footnotes":""},"categories":[4],"tags":[],"_links":{"self":[{"href":"https:\/\/emisora.univalle.edu.co\/index.php\/wp-json\/wp\/v2\/posts\/4799"}],"collection":[{"href":"https:\/\/emisora.univalle.edu.co\/index.php\/wp-json\/wp\/v2\/posts"}],"about":[{"href":"https:\/\/emisora.univalle.edu.co\/index.php\/wp-json\/wp\/v2\/types\/post"}],"author":[{"embeddable":true,"href":"https:\/\/emisora.univalle.edu.co\/index.php\/wp-json\/wp\/v2\/users\/1"}],"replies":[{"embeddable":true,"href":"https:\/\/emisora.univalle.edu.co\/index.php\/wp-json\/wp\/v2\/comments?post=4799"}],"version-history":[{"count":2,"href":"https:\/\/emisora.univalle.edu.co\/index.php\/wp-json\/wp\/v2\/posts\/4799\/revisions"}],"predecessor-version":[{"id":4802,"href":"https:\/\/emisora.univalle.edu.co\/index.php\/wp-json\/wp\/v2\/posts\/4799\/revisions\/4802"}],"wp:featuredmedia":[{"embeddable":true,"href":"https:\/\/emisora.univalle.edu.co\/index.php\/wp-json\/wp\/v2\/media\/4800"}],"wp:attachment":[{"href":"https:\/\/emisora.univalle.edu.co\/index.php\/wp-json\/wp\/v2\/media?parent=4799"}],"wp:term":[{"taxonomy":"category","embeddable":true,"href":"https:\/\/emisora.univalle.edu.co\/index.php\/wp-json\/wp\/v2\/categories?post=4799"},{"taxonomy":"post_tag","embeddable":true,"href":"https:\/\/emisora.univalle.edu.co\/index.php\/wp-json\/wp\/v2\/tags?post=4799"}],"curies":[{"name":"wp","href":"https:\/\/api.w.org\/{rel}","templated":true}]}}