{"id":4814,"date":"2015-06-24T14:36:47","date_gmt":"2015-06-24T19:36:47","guid":{"rendered":"https:\/\/emisora.univalle.edu.co\/\/?p=4814"},"modified":"2015-06-24T14:36:47","modified_gmt":"2015-06-24T19:36:47","slug":"estudiantes-de-fisica-en-el-ano-de-la-luz","status":"publish","type":"post","link":"https:\/\/emisora.univalle.edu.co\/index.php\/estudiantes-de-fisica-en-el-ano-de-la-luz\/","title":{"rendered":"Estudiantes de F\u00edsica en el A\u00f1o de la Luz"},"content":{"rendered":"<p><span style=\"line-height: 1.5em;\">Un grupo de 14 estudiantes de primer semestre de f\u00edsica de la Universidad del Valle, con apoyo de la instituci\u00f3n, participaron de la Conferencia Colombia en el A\u00f1o de la Luz, organizado por la Academia Colombia de Ciencias F\u00edsicas, Naturales y Exactas &#8211; ACCEFYN y realizado en la Universidad de los Andes.<\/span><\/p>\n<p>La Conferencia se realiz\u00f3 en Bogot\u00e1, el 16 y 17 de junio de 2015, como parte de la Celebraci\u00f3n del A\u00f1o Internacional de la Luz, declarado por las Naciones Unidas (ONU) en su 68\u00aa sesi\u00f3n de la Asamblea General, donde proclam\u00f3 el 2015 como el A\u00f1o Internacional de la Luz y las tecnolog\u00edas basadas en ella ( IYL 2015 ).<\/p>\n<p>La conferencia Colombia en el A\u00f1o de la Luz cont\u00f3 con la participaci\u00f3n del Profesor Serge Haroche. Del College de France, Premio Nobel de F\u00edsica \u00a02012. Entre sus trabajos experimentales se destaca el control y medida de fotones atrapados a trav\u00e9s de su interacci\u00f3n con \u00e1tomos de Rydberg en una trampa.<\/p>\n<p>Tambi\u00e9n particip\u00f3 el Profesor David Wineland, del National Institute of Standards and Technology y la University of Colorado, Boulder, premio Nobel de f\u00edsica 2012. Entre sus trabajos experimentales se destacan sus m\u00e9todos para controlar y medir \u00e1tomos cargados, o iones, trav\u00e9s de su interacci\u00f3n con fotonesotros, e igualmente participaron reconocidos cient\u00edficos internacionales que han desarrollado sus investigaciones en este tema.<\/p>\n<p><b>Fuente: Agencia de Noticias Univalle<\/b><\/p>\n","protected":false},"excerpt":{"rendered":"<p>Un grupo de 14 estudiantes de primer semestre de f\u00edsica de la Universidad del Valle, con apoyo de la instituci\u00f3n, participaron de la Conferencia Colombia en el A\u00f1o de la Luz, organizado por la Academia Colombia de Ciencias F\u00edsicas, Naturales y Exactas &#8211; ACCEFYN y realizado en la Universidad de[&#8230;]<\/p>\n","protected":false},"author":1,"featured_media":4805,"comment_status":"open","ping_status":"open","sticky":false,"template":"","format":"standard","meta":{"footnotes":""},"categories":[4],"tags":[],"_links":{"self":[{"href":"https:\/\/emisora.univalle.edu.co\/index.php\/wp-json\/wp\/v2\/posts\/4814"}],"collection":[{"href":"https:\/\/emisora.univalle.edu.co\/index.php\/wp-json\/wp\/v2\/posts"}],"about":[{"href":"https:\/\/emisora.univalle.edu.co\/index.php\/wp-json\/wp\/v2\/types\/post"}],"author":[{"embeddable":true,"href":"https:\/\/emisora.univalle.edu.co\/index.php\/wp-json\/wp\/v2\/users\/1"}],"replies":[{"embeddable":true,"href":"https:\/\/emisora.univalle.edu.co\/index.php\/wp-json\/wp\/v2\/comments?post=4814"}],"version-history":[{"count":1,"href":"https:\/\/emisora.univalle.edu.co\/index.php\/wp-json\/wp\/v2\/posts\/4814\/revisions"}],"predecessor-version":[{"id":4815,"href":"https:\/\/emisora.univalle.edu.co\/index.php\/wp-json\/wp\/v2\/posts\/4814\/revisions\/4815"}],"wp:featuredmedia":[{"embeddable":true,"href":"https:\/\/emisora.univalle.edu.co\/index.php\/wp-json\/wp\/v2\/media\/4805"}],"wp:attachment":[{"href":"https:\/\/emisora.univalle.edu.co\/index.php\/wp-json\/wp\/v2\/media?parent=4814"}],"wp:term":[{"taxonomy":"category","embeddable":true,"href":"https:\/\/emisora.univalle.edu.co\/index.php\/wp-json\/wp\/v2\/categories?post=4814"},{"taxonomy":"post_tag","embeddable":true,"href":"https:\/\/emisora.univalle.edu.co\/index.php\/wp-json\/wp\/v2\/tags?post=4814"}],"curies":[{"name":"wp","href":"https:\/\/api.w.org\/{rel}","templated":true}]}}