{"id":4824,"date":"2015-06-24T14:44:55","date_gmt":"2015-06-24T19:44:55","guid":{"rendered":"https:\/\/emisora.univalle.edu.co\/\/?p=4824"},"modified":"2015-06-24T14:44:55","modified_gmt":"2015-06-24T19:44:55","slug":"alerta-roja-en-buenaventura-por-falta-de-agua-en-el-rio-escalerete","status":"publish","type":"post","link":"https:\/\/emisora.univalle.edu.co\/index.php\/alerta-roja-en-buenaventura-por-falta-de-agua-en-el-rio-escalerete\/","title":{"rendered":"Alerta roja en Buenaventura por falta de agua en el r\u00edo Escalerete"},"content":{"rendered":"<p><span style=\"line-height: 1.5em;\">La falta de lluvia con frecuencia en la cabecera del r\u00edo Escalerete donde funciona la bocatoma que surte del l\u00edquido a las plantas de tratamiento, ha ocasionado disminuci\u00f3n en los niveles exigidos para poder abastecer de agua por las redes de acueducto a gran parte de la poblaci\u00f3n bonaverense y por eso Hidropac\u00edfico sali\u00f3 a entregarle el parte a la Administraci\u00f3n municipal para la declaratoria de alerta roja.<\/span><\/p>\n<p>En raz\u00f3n a esta dif\u00edcil situaci\u00f3n que limita todo alcance por parte del operador, por un comportamiento clim\u00e1tico que para esta \u00e9poca, seg\u00fan el Ideam, tomar\u00e1 m\u00e1s fuerza,\u00a0<b>Hidropac\u00edfico S.A. E.S.P.<\/b>\u00a0se permite expresar que la situaci\u00f3n pas\u00f3 de alerta naranja a alerta roja y afectar\u00e1 s los barrios de la ciudad ubicados en las partes altas, mientras que los que se encuentran en la parte baja tendr\u00e1n el servicio con baja presi\u00f3n.<\/p>\n<p>El Consejo Distrital para la Gesti\u00f3n del Riesgo realiz\u00f3 una reuni\u00f3n para analizar la situaci\u00f3n. Seg\u00fan el gerente de la empresa prestadora del servicio, Hidropac\u00edfico, Gustavo Duque, \u00abel caudal normal para que funcionen las plantas es de 1700 litros de agua, hoy solo alcanzan los 1200\u00bb. El 20% de la comunidad est\u00e1 sin servicio de agua potable.<\/p>\n<p>El Gerente Operativo, Gustavo Adolfo Duque Mora, pide a la comunidad comprensi\u00f3n frente a la situaci\u00f3n, conociendo que el vital l\u00edquido es importante para la calidad de vida de los ciudadanos, por tal raz\u00f3n, la empresa tiene activado el plan de contingencia a trav\u00e9s de carrotanques para los sectores m\u00e1s afectados con el fin de minimizar el impacto.<\/p>\n<p><b>Los barrios que se ver\u00e1n afectados ser\u00e1n son:\u00a0<\/b>La Independencia II y III etapa, El barrio Seis de Enero, Camilo Torres, Turbay Ayala, Los \u00c1lamos, El progreso y Carlos Holmes Trujillo; que corresponden a las comunas 9 y 10 de la ciudad.<\/p>\n<p>En la comuna 12 ser\u00e1n los barrios el Triunfo, La Nueva Granada, Brisas del Pacifico, Doce de Octubre, Ciudadela Brisas del Mar, \u00a0Nuevo Horizonte, Mat\u00edas Mulumba, Ruiz, Las Palmas, Cabal Pombo, La Libertad y Nueva Frontera.<\/p>\n<p>Tambi\u00e9n la comuna 11 con los barrios Panamericano, Nueva Colombia, Los Pinos, Dorado, El Carmen, Cascajal, Antonio Nari\u00f1o, Gran Colombiana, Colon y Ciudadela Colpuertos.<\/p>\n<p>En la zona insular los barrios Punta del Este, Santa Cruz, La Inmaculada y Santa fe, en la comuna 5 tendr\u00e1n tambi\u00e9n habr\u00e1 afectaci\u00f3n en el servicio.<\/p>\n<p>Finalmente, los barrios de la comuna dos, como el Jorge, El Firme, Monte Chino, La Playita, Viento Libre, El Guabito, Campo Alegre, Muro Yusti.<\/p>\n<p>Fuente: Comunicaciones Hifropac\u00edfico<\/p>\n","protected":false},"excerpt":{"rendered":"<p>La falta de lluvia con frecuencia en la cabecera del r\u00edo Escalerete donde funciona la bocatoma que surte del l\u00edquido a las plantas de tratamiento, ha ocasionado disminuci\u00f3n en los niveles exigidos para poder abastecer de agua por las redes de acueducto a gran parte de la poblaci\u00f3n bonaverense y[&#8230;]<\/p>\n","protected":false},"author":1,"featured_media":4804,"comment_status":"open","ping_status":"open","sticky":false,"template":"","format":"standard","meta":{"footnotes":""},"categories":[4],"tags":[],"_links":{"self":[{"href":"https:\/\/emisora.univalle.edu.co\/index.php\/wp-json\/wp\/v2\/posts\/4824"}],"collection":[{"href":"https:\/\/emisora.univalle.edu.co\/index.php\/wp-json\/wp\/v2\/posts"}],"about":[{"href":"https:\/\/emisora.univalle.edu.co\/index.php\/wp-json\/wp\/v2\/types\/post"}],"author":[{"embeddable":true,"href":"https:\/\/emisora.univalle.edu.co\/index.php\/wp-json\/wp\/v2\/users\/1"}],"replies":[{"embeddable":true,"href":"https:\/\/emisora.univalle.edu.co\/index.php\/wp-json\/wp\/v2\/comments?post=4824"}],"version-history":[{"count":1,"href":"https:\/\/emisora.univalle.edu.co\/index.php\/wp-json\/wp\/v2\/posts\/4824\/revisions"}],"predecessor-version":[{"id":4825,"href":"https:\/\/emisora.univalle.edu.co\/index.php\/wp-json\/wp\/v2\/posts\/4824\/revisions\/4825"}],"wp:featuredmedia":[{"embeddable":true,"href":"https:\/\/emisora.univalle.edu.co\/index.php\/wp-json\/wp\/v2\/media\/4804"}],"wp:attachment":[{"href":"https:\/\/emisora.univalle.edu.co\/index.php\/wp-json\/wp\/v2\/media?parent=4824"}],"wp:term":[{"taxonomy":"category","embeddable":true,"href":"https:\/\/emisora.univalle.edu.co\/index.php\/wp-json\/wp\/v2\/categories?post=4824"},{"taxonomy":"post_tag","embeddable":true,"href":"https:\/\/emisora.univalle.edu.co\/index.php\/wp-json\/wp\/v2\/tags?post=4824"}],"curies":[{"name":"wp","href":"https:\/\/api.w.org\/{rel}","templated":true}]}}