{"id":4826,"date":"2015-06-24T14:51:29","date_gmt":"2015-06-24T19:51:29","guid":{"rendered":"https:\/\/emisora.univalle.edu.co\/\/?p=4826"},"modified":"2015-06-24T14:51:29","modified_gmt":"2015-06-24T19:51:29","slug":"colombia-en-mercados-internacionales-de-las-artes-escenicas-pams-y-fiba","status":"publish","type":"post","link":"https:\/\/emisora.univalle.edu.co\/index.php\/colombia-en-mercados-internacionales-de-las-artes-escenicas-pams-y-fiba\/","title":{"rendered":"Colombia en Mercados Internacionales de las Artes Esc\u00e9nicas PAMS y FIBA"},"content":{"rendered":"<p>MinCultura invita a las empresas, representantes y managers de agrupaciones de las artes esc\u00e9nicas, a participar de esta convocatoria que cierra el pr\u00f3ximo 15 de julio y que busca posicionar la industria de las artes esc\u00e9nicas de Colombia en el mundo<\/p>\n<p>Se convoca \u00a0a empresas y representantes de agrupaciones de teatro, danza, t\u00edteres, teatro de calle, circo y otras actividades afines a las artes de la escena constituidas en Colombia para participar en la convocatoria \u2018Colombia en Mercados Internacionales de las Artes Esc\u00e9nicas\u2019 y ser beneficiarios de recursos de COFINANCIACI\u00d3N para \u00a0asistir a los mercados internacionales m\u00e1s grandes del mundo, FIBA (Feria Internacional de Buenos Aires) en Argentina y PAMS (Performing Arts Market of Seoul) de Corea.<\/p>\n<p>El proceso de selecci\u00f3n de los empresarios colombianos que participar\u00e1n en los encuentros se realizar\u00e1 mediante un panel de jurados expertos y conocedores del sector y la industria, que evaluar\u00e1n cada una de las propuestas teniendo en cuenta los criterios definidos en esta convocatoria. Ocho (8) empresarios colombianos ser\u00e1n el total de los seleccionados para recibir los recursos de cofinanciaci\u00f3n que otorgar\u00e1 esta convocatoria.<\/p>\n<p>El Ministerio de Cultura de Colombia y su pol\u00edtica para el fortalecimiento de las industrias culturales y creativas del pa\u00eds, viene trabajando desde el 2012 por medio del Grupo de Emprendimiento Cultural, en la estrategia de internacionalizaci\u00f3n de productos y servicios culturales colombianos. Esta iniciativa surge de la necesidad de contar con espacios para la circulaci\u00f3n de las artes esc\u00e9nicas en plataformas internacionales que generen oportunidades de negocios a los empresarios del sector.<\/p>\n<p>El siguiente es el cronograma de la convocatoria y de la realizaci\u00f3n de los mercados de las artes esc\u00e9nicas seleccionados para la participaci\u00f3n de empresarios colombianos:<\/p>\n<p><strong>Cronograma de la convocatoria<\/strong><\/p>\n<p>Fecha de apertura: 23 de junio de 2015<\/p>\n<p>Fecha de cierre: 15 de julio de 2015 (5:00 pm hora colombiana)<\/p>\n<p>Publicaci\u00f3n de resultados: 30 de julio de 2015<\/p>\n<p>Consulta el formulario de inscripci\u00f3n en:<\/p>\n<p><a href=\"http:\/\/feriasinternacionales.circulart.org\/escenicas\/convocatoria_escenicas.html\"><b>http:\/\/feriasinternacionales.circulart.org\/escenicas\/convocatoria_escenicas.html<\/b><\/a><\/p>\n<p>Cronograma de eventos<\/p>\n<p>\u2022 \u00a0 \u00a0 \u00a0 \u00a0 \u00a0 \u00a0 FIBA: (Festival Internacional de Buenos Aires)<\/p>\n<p>18 de septiembre al 4 de octubre \u2013 Buenos Aires &#8211; Argentina<\/p>\n<p><a href=\"http:\/\/festivales.buenosaires.gob.ar\/es\/fiba\"><b>http:\/\/festivales.buenosaires.gob.ar\/es\/fiba<\/b><\/a><\/p>\n<p>\u2022 \u00a0 \u00a0 \u00a0 \u00a0 \u00a0 \u00a0 PAMS: (Performing Arts Market of Seoul)<\/p>\n<p>5 al 10 de octubre &#8211; Seoul, Corea<\/p>\n<p><a href=\"http:\/\/en.pams.or.kr\/\"><b>http:\/\/en.pams.or.kr\/<\/b><\/a><\/p>\n<p>Esta estrategia liderada por el Ministerio de Cultura se desarrolla en asocio con Procolombia y la Red de Productores Culturales Latinoamericanos, RedLat, quienes a\u00fanan esfuerzos humanos, t\u00e9cnicos y financieros para articular y consolidar las estrategias de promoci\u00f3n para la circulaci\u00f3n del producto art\u00edstico colombiano en distintos escenarios.<\/p>\n<p>Mayores Informes:<\/p>\n<p>Diana Carolina Moreno Pinz\u00f3n<\/p>\n<p>Asesora<\/p>\n<p>Grupo de Emprendimiento Cultural<\/p>\n<p>Ministerio de Cultura (Ministry of Culture)<\/p>\n<p>Tel: 571-3424100 ext 1232<\/p>\n<p>Direcci\u00f3n (Address): Cra. 8 No 8-55<\/p>\n<p>Bogot\u00e1, Colombia<\/p>\n<p>Fuente: Comunicaciones Mincultura<\/p>\n","protected":false},"excerpt":{"rendered":"<p>MinCultura invita a las empresas, representantes y managers de agrupaciones de las artes esc\u00e9nicas, a participar de esta convocatoria que cierra el pr\u00f3ximo 15 de julio y que busca posicionar la industria de las artes esc\u00e9nicas de Colombia en el mundo Se convoca \u00a0a empresas y representantes de agrupaciones de[&#8230;]<\/p>\n","protected":false},"author":1,"featured_media":4808,"comment_status":"open","ping_status":"open","sticky":false,"template":"","format":"standard","meta":{"footnotes":""},"categories":[4],"tags":[],"_links":{"self":[{"href":"https:\/\/emisora.univalle.edu.co\/index.php\/wp-json\/wp\/v2\/posts\/4826"}],"collection":[{"href":"https:\/\/emisora.univalle.edu.co\/index.php\/wp-json\/wp\/v2\/posts"}],"about":[{"href":"https:\/\/emisora.univalle.edu.co\/index.php\/wp-json\/wp\/v2\/types\/post"}],"author":[{"embeddable":true,"href":"https:\/\/emisora.univalle.edu.co\/index.php\/wp-json\/wp\/v2\/users\/1"}],"replies":[{"embeddable":true,"href":"https:\/\/emisora.univalle.edu.co\/index.php\/wp-json\/wp\/v2\/comments?post=4826"}],"version-history":[{"count":1,"href":"https:\/\/emisora.univalle.edu.co\/index.php\/wp-json\/wp\/v2\/posts\/4826\/revisions"}],"predecessor-version":[{"id":4827,"href":"https:\/\/emisora.univalle.edu.co\/index.php\/wp-json\/wp\/v2\/posts\/4826\/revisions\/4827"}],"wp:featuredmedia":[{"embeddable":true,"href":"https:\/\/emisora.univalle.edu.co\/index.php\/wp-json\/wp\/v2\/media\/4808"}],"wp:attachment":[{"href":"https:\/\/emisora.univalle.edu.co\/index.php\/wp-json\/wp\/v2\/media?parent=4826"}],"wp:term":[{"taxonomy":"category","embeddable":true,"href":"https:\/\/emisora.univalle.edu.co\/index.php\/wp-json\/wp\/v2\/categories?post=4826"},{"taxonomy":"post_tag","embeddable":true,"href":"https:\/\/emisora.univalle.edu.co\/index.php\/wp-json\/wp\/v2\/tags?post=4826"}],"curies":[{"name":"wp","href":"https:\/\/api.w.org\/{rel}","templated":true}]}}