{"id":4830,"date":"2015-06-24T14:55:42","date_gmt":"2015-06-24T19:55:42","guid":{"rendered":"https:\/\/emisora.univalle.edu.co\/\/?p=4830"},"modified":"2015-06-24T14:57:03","modified_gmt":"2015-06-24T19:57:03","slug":"gobierno-del-valle-ya-radico-en-bogota-solicitud-para-que-el-departamento-recupere-su-categoria-especial","status":"publish","type":"post","link":"https:\/\/emisora.univalle.edu.co\/index.php\/gobierno-del-valle-ya-radico-en-bogota-solicitud-para-que-el-departamento-recupere-su-categoria-especial\/","title":{"rendered":"Gobierno del Valle ya radic\u00f3 en Bogot\u00e1 solicitud para que el Departamento recupere su categor\u00eda especial"},"content":{"rendered":"<p><span style=\"line-height: 1.5em;\">La administraci\u00f3n del Gobernador Ubeimar Delgado Bland\u00f3n radic\u00f3 ante el gobierno nacional la solicitud para que le sea devuelta al Departamento su categor\u00eda especial. Seg\u00fan indic\u00f3 el secretario de Hacienda, Juan Manuel Obreg\u00f3n, con dicha radicaci\u00f3n inicia la cuenta regresiva para que la regi\u00f3n recupere su prestigio financiero.\u00a0<\/span><\/p>\n<p>\u201cLa semana pasada el Gobernador Ubeimar Delgado radic\u00f3 en la Contralor\u00eda General de la Rep\u00fablica el documento mediante el cual le solicita al Contralor que se somete al procedimiento especial de categorizaci\u00f3n de los departamentos para que se d\u00e9 inicio a todo el proceso de presentaci\u00f3n de la informaci\u00f3n y \u00a0proyecci\u00f3n de la misma para ver si \u00a0despu\u00e9s del pr\u00f3ximo 22 de julio, que es la fecha que nos ha impuesto la Contralor\u00eda para rendir la informaci\u00f3n, el ente nacional de control \u00a0certifique que el indicador de la ley 617 est\u00e1 por debajo del 50%.\u00a0 Si logramos eso, el Gobernador en el mes de octubre estar\u00e1 emitiendo el decreto mediante \u00a0el cual categoriza al Departamento nuevamente en categor\u00eda especial; con eso no s\u00f3lo estar\u00edamos cumpliendo con el plan de gobierno y la promesa del se\u00f1or gobernador, sino que estar\u00edamos devolvi\u00e9ndole la dignidad a los vallecaucanos\u201d, puntualiz\u00f3 Obreg\u00f3n.<\/p>\n<p>Para el Secretario de Hacienda del Valle, lo m\u00e1s importante fue el ejercicio de dos a\u00f1os de la austeridad en el gasto y obviamente una importante recuperaci\u00f3n de los ingresos, \u201ccomo se sabe, en el 2014 tuvimos un incremento de los ingresos tributarios por encima del 11%\u00a0 y en el 2013 del 6%, lo que nos dio ese puntal para poder \u00a0solicitarle a la Contralor\u00eda Nacional \u00a0que \u00a0proyectara esos ingresos en el 2015\u00a0 con el Plan de Austeridad en el Gasto, y as\u00ed poder determinar \u00a0un indicador de la \u00a0617 por debajo del 50%\u201d, afirm\u00f3 el funcionario.<\/p>\n<p>Agreg\u00f3 que este fue un camino muy largo y tortuoso\u00a0 en algunos momentos, \u201cobviamente esto se ve reflejado en que hoy el departamento es saludable financieramente y que est\u00e1 pagando cumplidamente su deuda \u00a0de m\u00e1s de medio bill\u00f3n de pesos, logrando lo que en una d\u00e9cada no se hab\u00eda logrado y es poder aumentar los ingresos reales del \u00a0Departamento para obtener no solamente la categor\u00eda especial sino para poder apalancar los programas de inversi\u00f3n social\u201d.<\/p>\n<p>La recuperaci\u00f3n de la categor\u00eda especial posicionar\u00e1 nuevamente al Departamento en los mejores sitiales del pa\u00eds y le permitir\u00e1 recibir mayores recursos por transferencias de la Naci\u00f3n. Devolverle la categor\u00eda especial al Valle del Cauca es uno de los prop\u00f3sitos del Gobernador Ubeimar Delgado y una meta cumplida que le deja a los vallecaucanos al terminar su mandato.<\/p>\n<p>Fuente: Comunicaciones Gobernaci\u00f3n<\/p>\n","protected":false},"excerpt":{"rendered":"<p>La administraci\u00f3n del Gobernador Ubeimar Delgado Bland\u00f3n radic\u00f3 ante el gobierno nacional la solicitud para que le sea devuelta al Departamento su categor\u00eda especial. Seg\u00fan indic\u00f3 el secretario de Hacienda, Juan Manuel Obreg\u00f3n, con dicha radicaci\u00f3n inicia la cuenta regresiva para que la regi\u00f3n recupere su prestigio financiero.\u00a0 \u201cLa semana[&#8230;]<\/p>\n","protected":false},"author":1,"featured_media":4812,"comment_status":"open","ping_status":"open","sticky":false,"template":"","format":"standard","meta":{"footnotes":""},"categories":[4],"tags":[],"_links":{"self":[{"href":"https:\/\/emisora.univalle.edu.co\/index.php\/wp-json\/wp\/v2\/posts\/4830"}],"collection":[{"href":"https:\/\/emisora.univalle.edu.co\/index.php\/wp-json\/wp\/v2\/posts"}],"about":[{"href":"https:\/\/emisora.univalle.edu.co\/index.php\/wp-json\/wp\/v2\/types\/post"}],"author":[{"embeddable":true,"href":"https:\/\/emisora.univalle.edu.co\/index.php\/wp-json\/wp\/v2\/users\/1"}],"replies":[{"embeddable":true,"href":"https:\/\/emisora.univalle.edu.co\/index.php\/wp-json\/wp\/v2\/comments?post=4830"}],"version-history":[{"count":1,"href":"https:\/\/emisora.univalle.edu.co\/index.php\/wp-json\/wp\/v2\/posts\/4830\/revisions"}],"predecessor-version":[{"id":4831,"href":"https:\/\/emisora.univalle.edu.co\/index.php\/wp-json\/wp\/v2\/posts\/4830\/revisions\/4831"}],"wp:featuredmedia":[{"embeddable":true,"href":"https:\/\/emisora.univalle.edu.co\/index.php\/wp-json\/wp\/v2\/media\/4812"}],"wp:attachment":[{"href":"https:\/\/emisora.univalle.edu.co\/index.php\/wp-json\/wp\/v2\/media?parent=4830"}],"wp:term":[{"taxonomy":"category","embeddable":true,"href":"https:\/\/emisora.univalle.edu.co\/index.php\/wp-json\/wp\/v2\/categories?post=4830"},{"taxonomy":"post_tag","embeddable":true,"href":"https:\/\/emisora.univalle.edu.co\/index.php\/wp-json\/wp\/v2\/tags?post=4830"}],"curies":[{"name":"wp","href":"https:\/\/api.w.org\/{rel}","templated":true}]}}