{"id":4854,"date":"2015-06-25T11:01:04","date_gmt":"2015-06-25T16:01:04","guid":{"rendered":"https:\/\/emisora.univalle.edu.co\/\/?p=4854"},"modified":"2015-06-25T11:01:59","modified_gmt":"2015-06-25T16:01:59","slug":"594-becas-por-la-excelencia-educativa-de-los-docentes-se-estan-brindando-por-parte-de-la-gobernacion-del-valle-del-cauca","status":"publish","type":"post","link":"https:\/\/emisora.univalle.edu.co\/index.php\/594-becas-por-la-excelencia-educativa-de-los-docentes-se-estan-brindando-por-parte-de-la-gobernacion-del-valle-del-cauca\/","title":{"rendered":"594 Becas por la excelencia educativa de los Docentes brinda la Gobernaci\u00f3n del Valle del Cauca"},"content":{"rendered":"<p><span style=\"line-height: 1.5em;\">La Gobernaci\u00f3n del Valle del Cauca a trav\u00e9s de la secretaria de educaci\u00f3n en cabeza de Gustavo Padilla y en convenio con el Ministerio de Educaci\u00f3n Nacional y la Universidad del Valle, estar\u00e1n entregando a los docentes de 41 instituciones educativas del Valle del Cauca becas para maestr\u00edas y especializaciones con el fin de que profundicen sus conocimientos y poder obtener una mejor calidad de educaci\u00f3n en ni\u00f1os y j\u00f3venes del Valle del Cauca.\u00a0<\/span><\/p>\n<p>El secretario Gustavo Padilla indic\u00f3 que \u201cSon 594 becas que a trav\u00e9s de la Universidad del Valle\u00a0\u00a0 ejecutar\u00e1 la Gobernaci\u00f3n con este importante proyecto\u201d<\/p>\n<p>Este programa pretende mejorar la calidad de educaci\u00f3n de los estudiantes, por esto se busca formar a los docentes y fortalecer la investigaci\u00f3n y la pr\u00e1ctica pedag\u00f3gica dentro de las aulas.<\/p>\n<p>El proyecto est\u00e1 dirigido a docentes que sean menores de 45 a\u00f1os y que pertenezcan a alguna instituci\u00f3n educativa del Valle del Cauca.<\/p>\n<p>El plazo para los interesados cierra este viernes 26 de Junio. Por esto se hace un llamado a los rectores de las Instituciones para que inscriban a los docentes y tengan la oportunidad de obtener una de las becas disponibles.<\/p>\n<p>Sonia Camacho subsecretaria de calidad \u201cesto va a contribuir con el crecimiento profesional y nos permite mejorar la pr\u00e1ctica educativa para nuestros j\u00f3venes del Valle del Cauca\u201d.<\/p>\n<p><strong>Las clases para los docentes iniciar\u00e1n en el mes de Agosto.\u00a0<\/strong><\/p>\n<p><strong>Para mayor informaci\u00f3n y ampliaci\u00f3n de esta noticia pbx 6200000 ext 1500 Sonia Camacho, Gustavo Padilla.<\/strong><\/p>\n","protected":false},"excerpt":{"rendered":"<p>La Gobernaci\u00f3n del Valle del Cauca a trav\u00e9s de la secretaria de educaci\u00f3n en cabeza de Gustavo Padilla y en convenio con el Ministerio de Educaci\u00f3n Nacional y la Universidad del Valle, estar\u00e1n entregando a los docentes de 41 instituciones educativas del Valle del Cauca becas para maestr\u00edas y especializaciones[&#8230;]<\/p>\n","protected":false},"author":1,"featured_media":4850,"comment_status":"open","ping_status":"open","sticky":false,"template":"","format":"standard","meta":{"footnotes":""},"categories":[4],"tags":[],"_links":{"self":[{"href":"https:\/\/emisora.univalle.edu.co\/index.php\/wp-json\/wp\/v2\/posts\/4854"}],"collection":[{"href":"https:\/\/emisora.univalle.edu.co\/index.php\/wp-json\/wp\/v2\/posts"}],"about":[{"href":"https:\/\/emisora.univalle.edu.co\/index.php\/wp-json\/wp\/v2\/types\/post"}],"author":[{"embeddable":true,"href":"https:\/\/emisora.univalle.edu.co\/index.php\/wp-json\/wp\/v2\/users\/1"}],"replies":[{"embeddable":true,"href":"https:\/\/emisora.univalle.edu.co\/index.php\/wp-json\/wp\/v2\/comments?post=4854"}],"version-history":[{"count":2,"href":"https:\/\/emisora.univalle.edu.co\/index.php\/wp-json\/wp\/v2\/posts\/4854\/revisions"}],"predecessor-version":[{"id":4856,"href":"https:\/\/emisora.univalle.edu.co\/index.php\/wp-json\/wp\/v2\/posts\/4854\/revisions\/4856"}],"wp:featuredmedia":[{"embeddable":true,"href":"https:\/\/emisora.univalle.edu.co\/index.php\/wp-json\/wp\/v2\/media\/4850"}],"wp:attachment":[{"href":"https:\/\/emisora.univalle.edu.co\/index.php\/wp-json\/wp\/v2\/media?parent=4854"}],"wp:term":[{"taxonomy":"category","embeddable":true,"href":"https:\/\/emisora.univalle.edu.co\/index.php\/wp-json\/wp\/v2\/categories?post=4854"},{"taxonomy":"post_tag","embeddable":true,"href":"https:\/\/emisora.univalle.edu.co\/index.php\/wp-json\/wp\/v2\/tags?post=4854"}],"curies":[{"name":"wp","href":"https:\/\/api.w.org\/{rel}","templated":true}]}}