{"id":4857,"date":"2015-06-25T11:04:07","date_gmt":"2015-06-25T16:04:07","guid":{"rendered":"https:\/\/emisora.univalle.edu.co\/\/?p=4857"},"modified":"2015-06-25T11:04:07","modified_gmt":"2015-06-25T16:04:07","slug":"en-la-comuna-13-tuvo-lugar-el-cabildo-abierto-con-presencia-de-la-administracion-municipal","status":"publish","type":"post","link":"https:\/\/emisora.univalle.edu.co\/index.php\/en-la-comuna-13-tuvo-lugar-el-cabildo-abierto-con-presencia-de-la-administracion-municipal\/","title":{"rendered":"En la comuna 13 tuvo lugar el cabildo abierto con presencia de la Administraci\u00f3n Municipal"},"content":{"rendered":"<p><span style=\"line-height: 1.5em;\">La Administraci\u00f3n Municipal hizo presencia en el Cabildo Abierto citado por la Junta Administradora Local de la Comuna 13, para tratar los temas de vivienda, predial y educaci\u00f3n.<\/span><\/p>\n<p>El evento se realiz\u00f3, en el Polideportivo El Diamante. En el Cabildo tambi\u00e9n hizo presencia el Concejo Municipal.<\/p>\n<p>La Secretar\u00eda de Vivienda dio a conocer a los asistentes al evento, la gesti\u00f3n realizada en la comuna 13 en cuanto a mejoramientos de vivienda y titulaci\u00f3n de predios, adem\u00e1s de motivar a la comunidad para que apliquen a los subsidios de mejoramiento vigentes para este 2015.<\/p>\n<p>La Secretar\u00eda de Educaci\u00f3n, por su parte, anunci\u00f3 inversiones en infraestructura educativa en la I.E Santa Rosa por vigencias futuras por valor de $500 millones. Tambi\u00e9n se discutieron temas de jornada \u00fanica, alimentaci\u00f3n escolar y cobertura educativa en la comuna 13.<\/p>\n<p>Hacienda y Planeaci\u00f3n Municipal explicaron los temas de incremento del predial y la liquidaci\u00f3n de Asprosocial, tema en que los representantes comunitarios expresaron sus inquietudes frente al proceso llevado a cabo con esta entidad. La Administraci\u00f3n expres\u00f3 que este tema es judicial y que son los jueces los encargados de resolverlo.<\/p>\n<p>La Asesor\u00eda de Participaci\u00f3n Ciudadana realiz\u00f3 acompa\u00f1amiento a los l\u00edderes en el proceso de convocatoria a las dependencias citadas a este espacio, fortaleciendo los mecanismos de participaci\u00f3n ciudadana y apoyando las iniciativas comunitarias en beneficio del desarrollo de los territorios.<\/p>\n<p>Fuente: Comunicaciones Alcald\u00eda<\/p>\n","protected":false},"excerpt":{"rendered":"<p>La Administraci\u00f3n Municipal hizo presencia en el Cabildo Abierto citado por la Junta Administradora Local de la Comuna 13, para tratar los temas de vivienda, predial y educaci\u00f3n. El evento se realiz\u00f3, en el Polideportivo El Diamante. En el Cabildo tambi\u00e9n hizo presencia el Concejo Municipal. La Secretar\u00eda de Vivienda[&#8230;]<\/p>\n","protected":false},"author":1,"featured_media":4851,"comment_status":"open","ping_status":"open","sticky":false,"template":"","format":"standard","meta":{"footnotes":""},"categories":[4],"tags":[],"_links":{"self":[{"href":"https:\/\/emisora.univalle.edu.co\/index.php\/wp-json\/wp\/v2\/posts\/4857"}],"collection":[{"href":"https:\/\/emisora.univalle.edu.co\/index.php\/wp-json\/wp\/v2\/posts"}],"about":[{"href":"https:\/\/emisora.univalle.edu.co\/index.php\/wp-json\/wp\/v2\/types\/post"}],"author":[{"embeddable":true,"href":"https:\/\/emisora.univalle.edu.co\/index.php\/wp-json\/wp\/v2\/users\/1"}],"replies":[{"embeddable":true,"href":"https:\/\/emisora.univalle.edu.co\/index.php\/wp-json\/wp\/v2\/comments?post=4857"}],"version-history":[{"count":1,"href":"https:\/\/emisora.univalle.edu.co\/index.php\/wp-json\/wp\/v2\/posts\/4857\/revisions"}],"predecessor-version":[{"id":4858,"href":"https:\/\/emisora.univalle.edu.co\/index.php\/wp-json\/wp\/v2\/posts\/4857\/revisions\/4858"}],"wp:featuredmedia":[{"embeddable":true,"href":"https:\/\/emisora.univalle.edu.co\/index.php\/wp-json\/wp\/v2\/media\/4851"}],"wp:attachment":[{"href":"https:\/\/emisora.univalle.edu.co\/index.php\/wp-json\/wp\/v2\/media?parent=4857"}],"wp:term":[{"taxonomy":"category","embeddable":true,"href":"https:\/\/emisora.univalle.edu.co\/index.php\/wp-json\/wp\/v2\/categories?post=4857"},{"taxonomy":"post_tag","embeddable":true,"href":"https:\/\/emisora.univalle.edu.co\/index.php\/wp-json\/wp\/v2\/tags?post=4857"}],"curies":[{"name":"wp","href":"https:\/\/api.w.org\/{rel}","templated":true}]}}