{"id":4861,"date":"2015-06-25T11:11:17","date_gmt":"2015-06-25T16:11:17","guid":{"rendered":"https:\/\/emisora.univalle.edu.co\/\/?p=4861"},"modified":"2015-06-25T11:11:17","modified_gmt":"2015-06-25T16:11:17","slug":"direccion-de-planeacion-del-valle-realizo-el-lanzamiento-del-anuario-estadistico-del-valle-2013-2014","status":"publish","type":"post","link":"https:\/\/emisora.univalle.edu.co\/index.php\/direccion-de-planeacion-del-valle-realizo-el-lanzamiento-del-anuario-estadistico-del-valle-2013-2014\/","title":{"rendered":"Direcci\u00f3n de Planeaci\u00f3n del Valle realiz\u00f3 el lanzamiento del anuario estad\u00edstico del Valle 2013 \u2013 2014"},"content":{"rendered":"<p><span style=\"line-height: 1.5em;\">En instalaciones del Banco de la Rep\u00fablica el Departamento de Planeaci\u00f3n del Valle del Cauca\u00a0 en cabeza de Juan Guillermo Valencia llev\u00f3 a cabo el lanzamiento del Anuario Estad\u00edstico del Valle del Cauca 2013 \u2013 2014, edici\u00f3n que ya completa la trig\u00e9sima cuarta publicaci\u00f3n.\u00a0<\/span><\/p>\n<p>El director de Planeaci\u00f3n Departamental Juan Guillermo Valencia de la Torre espera que el Anuario Estad\u00edstico se convierta en una herramienta que contribuya\u00a0 a la realizaci\u00f3n de an\u00e1lisis sectoriales, estudios socioecon\u00f3micos, investigaciones acad\u00e9micas e interpretaciones coyunturales.<\/p>\n<p>\u201cQue sirva no solo para orientar, el dise\u00f1o y los lineamientos de pol\u00edtica p\u00fablica, sino que apunten al desarrollo socioecon\u00f3mico del departamento\u201d, asever\u00f3 el funcionario.<\/p>\n<p>La mesa principal del evento estuvo conformada por Juan Guillermo Valencia de la Torre, Director del Departamento Administrativo de Planeaci\u00f3n, Juan Esteban Carranza Romero, Gerente del Banco de la Rep\u00fablica, Sucursal Cali y Yolanda del Carmen Jim\u00e9nez, Directora Regional del Departamento Administrativo Nacional de Estad\u00edstica \u2013DANE.<\/p>\n<p>El Anuario del Valle del Cauca, se ha convertido en un espacio de divulgaci\u00f3n estad\u00edstica que contribuye al enriquecimiento y al acervo del proceso de planeaci\u00f3n estrat\u00e9gica del departamento, ya que impulsa la interacci\u00f3n del gobierno departamental y la comunidad vallecaucana. En tal sentido, este esfuerzo crea un espacio de car\u00e1cter t\u00e9cnico, que busca hacerle seguimiento a los fen\u00f3menos econ\u00f3micos y sociales del departamento.<\/p>\n<p>Por lo anterior, la intenci\u00f3n de esta publicaci\u00f3n es que, sea un instrumento y documento de referencia para realizar consultas, sobre aspectos hist\u00f3ricos, geogr\u00e1ficos, ambientales, demogr\u00e1ficos, sociales de condiciones de vida, Sisb\u00e9n, salud, educaci\u00f3n, justicia, electorales, protecci\u00f3n ciudadana, orden p\u00fablico y servicios p\u00fablicos. Tambi\u00e9n incluye aspectos econ\u00f3micos, como precios al consumidor, actividad econ\u00f3mica de los sectores, agr\u00edcola, pecuaria, pesca, silvicultura y miner\u00eda, industria, construcci\u00f3n, transporte, comercio externo e interno, sector financiero y turismo.\u00a0 As\u00ed mismo, hay cifras estad\u00edsticas de administraci\u00f3n y finanzas p\u00fablicas y ciencia, tecnolog\u00eda e innovaci\u00f3n \u2013 CteI.<\/p>\n<p>Finalmente, este anuario podr\u00e1 ser consultado por toda la comunidad vallecaucana en el link:\u00a0<a href=\"http:\/\/anuarioestadisticovalle.comli.com\/\" target=\"_blank\">anuarioestadisticovalle.comli.<wbr \/>com<\/a>.<\/p>\n","protected":false},"excerpt":{"rendered":"<p>En instalaciones del Banco de la Rep\u00fablica el Departamento de Planeaci\u00f3n del Valle del Cauca\u00a0 en cabeza de Juan Guillermo Valencia llev\u00f3 a cabo el lanzamiento del Anuario Estad\u00edstico del Valle del Cauca 2013 \u2013 2014, edici\u00f3n que ya completa la trig\u00e9sima cuarta publicaci\u00f3n.\u00a0 El director de Planeaci\u00f3n Departamental Juan[&#8230;]<\/p>\n","protected":false},"author":1,"featured_media":4849,"comment_status":"open","ping_status":"open","sticky":false,"template":"","format":"standard","meta":{"footnotes":""},"categories":[4],"tags":[],"_links":{"self":[{"href":"https:\/\/emisora.univalle.edu.co\/index.php\/wp-json\/wp\/v2\/posts\/4861"}],"collection":[{"href":"https:\/\/emisora.univalle.edu.co\/index.php\/wp-json\/wp\/v2\/posts"}],"about":[{"href":"https:\/\/emisora.univalle.edu.co\/index.php\/wp-json\/wp\/v2\/types\/post"}],"author":[{"embeddable":true,"href":"https:\/\/emisora.univalle.edu.co\/index.php\/wp-json\/wp\/v2\/users\/1"}],"replies":[{"embeddable":true,"href":"https:\/\/emisora.univalle.edu.co\/index.php\/wp-json\/wp\/v2\/comments?post=4861"}],"version-history":[{"count":1,"href":"https:\/\/emisora.univalle.edu.co\/index.php\/wp-json\/wp\/v2\/posts\/4861\/revisions"}],"predecessor-version":[{"id":4862,"href":"https:\/\/emisora.univalle.edu.co\/index.php\/wp-json\/wp\/v2\/posts\/4861\/revisions\/4862"}],"wp:featuredmedia":[{"embeddable":true,"href":"https:\/\/emisora.univalle.edu.co\/index.php\/wp-json\/wp\/v2\/media\/4849"}],"wp:attachment":[{"href":"https:\/\/emisora.univalle.edu.co\/index.php\/wp-json\/wp\/v2\/media?parent=4861"}],"wp:term":[{"taxonomy":"category","embeddable":true,"href":"https:\/\/emisora.univalle.edu.co\/index.php\/wp-json\/wp\/v2\/categories?post=4861"},{"taxonomy":"post_tag","embeddable":true,"href":"https:\/\/emisora.univalle.edu.co\/index.php\/wp-json\/wp\/v2\/tags?post=4861"}],"curies":[{"name":"wp","href":"https:\/\/api.w.org\/{rel}","templated":true}]}}