{"id":4865,"date":"2015-06-25T11:14:28","date_gmt":"2015-06-25T16:14:28","guid":{"rendered":"https:\/\/emisora.univalle.edu.co\/\/?p=4865"},"modified":"2015-06-25T11:14:28","modified_gmt":"2015-06-25T16:14:28","slug":"medidas-conjuntas-entre-ministerio-administracion-y-operadores-para-mejorar-sistema-de-transporte-masivo","status":"publish","type":"post","link":"https:\/\/emisora.univalle.edu.co\/index.php\/medidas-conjuntas-entre-ministerio-administracion-y-operadores-para-mejorar-sistema-de-transporte-masivo\/","title":{"rendered":"Medidas conjuntas entre Ministerio, Administraci\u00f3n y Operadores para mejorar sistema de transporte masivo"},"content":{"rendered":"<p><span style=\"line-height: 1.5em;\">\u00a0\u201cMedidas que apuntan a la mejora del servicio, la eliminaci\u00f3n del paralelismo y un trabajo continuo entre operadores y Metro Cali conllevar\u00e1n a consolidar el MIO\u201d. Con esta frase el Vice Ministro de Transporte Enrique Jos\u00e9 Nates resumi\u00f3 la reuni\u00f3n sostenida para revisar las estrategias de mejoramiento del transporte masivo.<\/span><\/p>\n<p>A la misma asistieron adem\u00e1s del vice ministro, la administraci\u00f3n en cabeza del alcalde Guerrero Velasco, Metro Cali y representantes de los cuatro operadores del sistema de transporte p\u00fablico.<\/p>\n<p>\u201cSe hicieron propuestas muy factibles que apuntan a mejorar el servicio y al trabajo en conjunto para mejorar los di\u00e1logos entre los operadores y Metrocali. La idea es que exista un di\u00e1logo mensual de todas las partes y que se construyan soluciones de manera conjunta\u201d, resalt\u00f3.<\/p>\n<p>Seg\u00fan el Alcalde, Rodrigo Guerrero Velasco se est\u00e1 desarrollando una estrategia para consolidar y estimular el uso del MIO, que tiene varios componentes: \u201cAcordamos c\u00f3mo van a ser los operativos en las calles, c\u00f3mo los va a acompa\u00f1ar la polic\u00eda; tener m\u00e1s sitios de distribuci\u00f3n de las tarjetas o pasajes y realizar alianzas con otras entidades para tener m\u00e1s puntos de venta\u00a0 y estamos mirando c\u00f3mo se le ponen colores a las diferentes rutas para que la gente distinga cu\u00e1l es el bus que le sirve a su destino\u201d, puntualiz\u00f3 el Alcalde.<\/p>\n<p>El mandatario cale\u00f1o dijo que frente a la pirater\u00eda, se acord\u00f3 que los operadores acompa\u00f1ar\u00e1n a la autoridad competente en los operativos en las principales v\u00edas, \u201c\u201cse escogen 7 o 10 v\u00edas principales donde no puede haber paralelismo, porque est\u00e1n perfectamente servidas por el MIO, se monta el operativo donde nadie sabe d\u00f3nde se va a realizar y se verifica el funcionamiento del servicio del transporte p\u00fablico\u201d.<\/p>\n<p>A\u00f1adi\u00f3 que tambi\u00e9n se incluye en la estrategia a los motociclistas porque la idea es estimular el uso del transporte p\u00fablico como m\u00e1s seguro y menos riesgoso para ellos: \u201cen Cali hay cerca de 500 mil motociclistas, necesitamos convencerlos que es mucho m\u00e1s seguro y tranquilo andar en transporte p\u00fablico que en moto, y eso requiere una cantidad de acciones para atraerlos\u201d.<\/p>\n<p>Frente al grupo \u00e9lite conformado por 30 guardas de tr\u00e1nsito que se dedicar\u00e1n exclusivamente a realizar operativos contra la pirater\u00eda y que estar\u00e1n acompa\u00f1ados por efectivos de la Polic\u00eda,\u00a0 el\u00a0 Alcalde Guerrero dijo que seg\u00fan el estudio jur\u00eddico que realiz\u00f3 la administraci\u00f3n, los Polic\u00edas solo\u00a0 pueden tener funciones de acompa\u00f1amiento, por ello su labor ser\u00e1 solo de acompa\u00f1amiento.<\/p>\n<p>A\u00f1adi\u00f3 que se revisar\u00e1 jur\u00eddicamente la participaci\u00f3n de la Polic\u00eda como autoridad de tr\u00e1nsito tal como lo afirma el Ministro.<\/p>\n<p>Finalmente El Alcalde Rodrigo Guerrero reiter\u00f3 que el compromiso de la administraci\u00f3n es total con el Sistema de Transporte Masivo es total,\u00a0 prueba de ello es la entrada de operaci\u00f3n del MIOCABLE en el pr\u00f3ximo mes de agosto, que le va a sumar cerca de 5000 pasajeros de acuerdo con los c\u00e1lculos del gobierno local, \u201cla administraci\u00f3n va a subsidiar la tarifa de los 1700 pesos y con eso estamos muy comprometidos\u201d, explic\u00f3 el Alcalde.<\/p>\n<p>Fuente. Comunicaciones Alcald\u00eda<\/p>\n","protected":false},"excerpt":{"rendered":"<p>\u00a0\u201cMedidas que apuntan a la mejora del servicio, la eliminaci\u00f3n del paralelismo y un trabajo continuo entre operadores y Metro Cali conllevar\u00e1n a consolidar el MIO\u201d. Con esta frase el Vice Ministro de Transporte Enrique Jos\u00e9 Nates resumi\u00f3 la reuni\u00f3n sostenida para revisar las estrategias de mejoramiento del transporte masivo.[&#8230;]<\/p>\n","protected":false},"author":1,"featured_media":4847,"comment_status":"open","ping_status":"open","sticky":false,"template":"","format":"standard","meta":{"footnotes":""},"categories":[4],"tags":[],"_links":{"self":[{"href":"https:\/\/emisora.univalle.edu.co\/index.php\/wp-json\/wp\/v2\/posts\/4865"}],"collection":[{"href":"https:\/\/emisora.univalle.edu.co\/index.php\/wp-json\/wp\/v2\/posts"}],"about":[{"href":"https:\/\/emisora.univalle.edu.co\/index.php\/wp-json\/wp\/v2\/types\/post"}],"author":[{"embeddable":true,"href":"https:\/\/emisora.univalle.edu.co\/index.php\/wp-json\/wp\/v2\/users\/1"}],"replies":[{"embeddable":true,"href":"https:\/\/emisora.univalle.edu.co\/index.php\/wp-json\/wp\/v2\/comments?post=4865"}],"version-history":[{"count":1,"href":"https:\/\/emisora.univalle.edu.co\/index.php\/wp-json\/wp\/v2\/posts\/4865\/revisions"}],"predecessor-version":[{"id":4866,"href":"https:\/\/emisora.univalle.edu.co\/index.php\/wp-json\/wp\/v2\/posts\/4865\/revisions\/4866"}],"wp:featuredmedia":[{"embeddable":true,"href":"https:\/\/emisora.univalle.edu.co\/index.php\/wp-json\/wp\/v2\/media\/4847"}],"wp:attachment":[{"href":"https:\/\/emisora.univalle.edu.co\/index.php\/wp-json\/wp\/v2\/media?parent=4865"}],"wp:term":[{"taxonomy":"category","embeddable":true,"href":"https:\/\/emisora.univalle.edu.co\/index.php\/wp-json\/wp\/v2\/categories?post=4865"},{"taxonomy":"post_tag","embeddable":true,"href":"https:\/\/emisora.univalle.edu.co\/index.php\/wp-json\/wp\/v2\/tags?post=4865"}],"curies":[{"name":"wp","href":"https:\/\/api.w.org\/{rel}","templated":true}]}}