{"id":4872,"date":"2015-06-25T15:31:20","date_gmt":"2015-06-25T20:31:20","guid":{"rendered":"https:\/\/emisora.univalle.edu.co\/\/?p=4872"},"modified":"2015-06-25T15:31:20","modified_gmt":"2015-06-25T20:31:20","slug":"gobernador-e-inauguro-punto-vive-digital-plus-en-dagua","status":"publish","type":"post","link":"https:\/\/emisora.univalle.edu.co\/index.php\/gobernador-e-inauguro-punto-vive-digital-plus-en-dagua\/","title":{"rendered":"Gobernador (e) inaugur\u00f3 Punto Vive Digital Plus en Dagua"},"content":{"rendered":"<p>El gobernador (e) del Valle de Cauca, Luis Fernando Mart\u00ednez Arce, inaugur\u00f3 el Punto Vive Digital Plus en la Instituci\u00f3n Educativa del Dagua de ese municipio, obra que supera los 1.000 millones de pesos y beneficiar\u00e1 a toda la comunidad de la regi\u00f3n.<\/p>\n<p>\u00abEstas obras de alto impacto realizadas con dineros coordinados por el departamento son las que precisamente nuestro gobernador Ubeimar Delgado ha querido llevar a todos los rincones del departamento. Es muy importante que la comunidad acad\u00e9mica de este municipio vele por la seguridad y el cuidado que requieren estas dos aulas, que est\u00e1n dotadas con la \u00faltima tecnolog\u00eda para la informaci\u00f3n, la grabaci\u00f3n y producci\u00f3n de sonido y la edici\u00f3n de televisi\u00f3n. Muchas gracias a todos por reconocer la labor que hacemos desde la administraci\u00f3n departamental\u00bb, dijo el Gobernador (e) Luis Fernando Mart\u00ednez.<\/p>\n<p>Estas aulas cuentan con las herramientas suficientes para la ense\u00f1anza y practica de edici\u00f3n y grabaci\u00f3n musical y producci\u00f3n televisiva. Adem\u00e1s, tienen un mobiliario acondicionado totalmente que puede albergar a toda la comunidad acad\u00e9mica del municipio.<br \/>\nEl alcalde del municipio de Dagua, Diego Solarte, manifest\u00f3 que \u00abgracias al trabajo en equipo y a la cooperaci\u00f3n que siempre hemos tenido por parte del gobierno del departamento, todos los proyectos que hemos pensado para Dagua han venido surgiendo. Muchas gracias por esta obra que tanto bien le har\u00e1 a nuestra juventud\u00bb.<\/p>\n<p>Durante el acto oficial de entrega, al Gobernador tambi\u00e9n se le reconoci\u00f3 por su labor pasada como gerente de Indervalle, en la cual gestion\u00f3 el piso y la iluminaci\u00f3n para el polideportivo de la instituci\u00f3n educativa.<\/p>\n<p>La comunidad se mostr\u00f3 complacida por el acompa\u00f1amiento del se\u00f1or gobernador a este momento trascendental para el desarrollo educativo del municipio.<\/p>\n","protected":false},"excerpt":{"rendered":"<p>El gobernador (e) del Valle de Cauca, Luis Fernando Mart\u00ednez Arce, inaugur\u00f3 el Punto Vive Digital Plus en la Instituci\u00f3n Educativa del Dagua de ese municipio, obra que supera los 1.000 millones de pesos y beneficiar\u00e1 a toda la comunidad de la regi\u00f3n. \u00abEstas obras de alto impacto realizadas con[&#8230;]<\/p>\n","protected":false},"author":1,"featured_media":4874,"comment_status":"open","ping_status":"open","sticky":false,"template":"","format":"standard","meta":{"footnotes":""},"categories":[4],"tags":[],"_links":{"self":[{"href":"https:\/\/emisora.univalle.edu.co\/index.php\/wp-json\/wp\/v2\/posts\/4872"}],"collection":[{"href":"https:\/\/emisora.univalle.edu.co\/index.php\/wp-json\/wp\/v2\/posts"}],"about":[{"href":"https:\/\/emisora.univalle.edu.co\/index.php\/wp-json\/wp\/v2\/types\/post"}],"author":[{"embeddable":true,"href":"https:\/\/emisora.univalle.edu.co\/index.php\/wp-json\/wp\/v2\/users\/1"}],"replies":[{"embeddable":true,"href":"https:\/\/emisora.univalle.edu.co\/index.php\/wp-json\/wp\/v2\/comments?post=4872"}],"version-history":[{"count":1,"href":"https:\/\/emisora.univalle.edu.co\/index.php\/wp-json\/wp\/v2\/posts\/4872\/revisions"}],"predecessor-version":[{"id":4875,"href":"https:\/\/emisora.univalle.edu.co\/index.php\/wp-json\/wp\/v2\/posts\/4872\/revisions\/4875"}],"wp:featuredmedia":[{"embeddable":true,"href":"https:\/\/emisora.univalle.edu.co\/index.php\/wp-json\/wp\/v2\/media\/4874"}],"wp:attachment":[{"href":"https:\/\/emisora.univalle.edu.co\/index.php\/wp-json\/wp\/v2\/media?parent=4872"}],"wp:term":[{"taxonomy":"category","embeddable":true,"href":"https:\/\/emisora.univalle.edu.co\/index.php\/wp-json\/wp\/v2\/categories?post=4872"},{"taxonomy":"post_tag","embeddable":true,"href":"https:\/\/emisora.univalle.edu.co\/index.php\/wp-json\/wp\/v2\/tags?post=4872"}],"curies":[{"name":"wp","href":"https:\/\/api.w.org\/{rel}","templated":true}]}}