{"id":4878,"date":"2015-06-25T15:35:16","date_gmt":"2015-06-25T20:35:16","guid":{"rendered":"https:\/\/emisora.univalle.edu.co\/\/?p=4878"},"modified":"2015-06-25T15:47:32","modified_gmt":"2015-06-25T20:47:32","slug":"aprendices-de-paz-en-el-bello-puerto","status":"publish","type":"post","link":"https:\/\/emisora.univalle.edu.co\/index.php\/aprendices-de-paz-en-el-bello-puerto\/","title":{"rendered":"Aprendices de Paz en el Bello Puerto"},"content":{"rendered":"<p>En Buenaventura un grupo de j\u00f3venes aprenden oficios como construcci\u00f3n, mantenimiento de instrumentos musicales de madera y la rica cocina tradicional del Pac\u00edfico, en la Escuela Taller, que impulsa el Ministerio de Cultura.<\/p>\n<p>Un grupo de porte\u00f1os entre los 18 y 28 a\u00f1os provenientes de sectores vulnerables de esta ciudad, son certificados como t\u00e9cnicos laborales en \u00e1reas como carpinter\u00eda con \u00e9nfasis en construcci\u00f3n y mantenimiento de instrumentos musicales; construcci\u00f3n con \u00e9nfasis en construcciones de madera, y cocina con \u00e9nfasis en cocina tradicional del Pac\u00edfico colombiano.<\/p>\n<p>La Escuela hace parte del Programa Nacional Escuelas Taller &#8211; Herramientas de Paz\u00a0 que lidera el Ministerio de Cultura en alianza con\u00a0 el Banco de Desarrollo de Am\u00e9rica Latina y la Organizaci\u00f3n Internacional para las Migraciones.<\/p>\n<p>Los j\u00f3venes del Bello Puerto adem\u00e1s de aprender un oficio, han podido reencontrarse con los saberes que hacen parte de su mundo y de su identidad y, adicionalmente, est\u00e1n fabricando los instrumentos musicales que dan sonido a sus tradiciones rescatando sus t\u00e9cnicas constructivas en medio de su biodiverso paisaje. Todo ello acompa\u00f1ado por una orientaci\u00f3n complementaria y fundamental en competencias humanas y de emprendimiento, forjando as\u00ed actores para la paz.<\/p>\n<p>Este programa del Ministerio de Cultura se desarrolla tambi\u00e9n en los municipios de Popay\u00e1n, Bogot\u00e1, Mompox, Cartagena, Salamina, Barichara y Tunja. El Ministerio proyecta establecer dos m\u00e1s en los municipios de Tumaco y Quibd\u00f3.<\/p>\n<p>Disfrute aqu\u00ed de videos y galer\u00edas de fotos para que conozca sobre este valioso programa que aporta a la paz y al desarrollo de las comunidades.<\/p>\n<p>Fuente: Comunicaciones Mincultura.<\/p>\n","protected":false},"excerpt":{"rendered":"<p>En Buenaventura un grupo de j\u00f3venes aprenden oficios como construcci\u00f3n, mantenimiento de instrumentos musicales de madera y la rica cocina tradicional del Pac\u00edfico, en la Escuela Taller, que impulsa el Ministerio de Cultura. Un grupo de porte\u00f1os entre los 18 y 28 a\u00f1os provenientes de sectores vulnerables de esta ciudad,[&#8230;]<\/p>\n","protected":false},"author":1,"featured_media":4881,"comment_status":"open","ping_status":"open","sticky":false,"template":"","format":"standard","meta":{"footnotes":""},"categories":[4],"tags":[],"_links":{"self":[{"href":"https:\/\/emisora.univalle.edu.co\/index.php\/wp-json\/wp\/v2\/posts\/4878"}],"collection":[{"href":"https:\/\/emisora.univalle.edu.co\/index.php\/wp-json\/wp\/v2\/posts"}],"about":[{"href":"https:\/\/emisora.univalle.edu.co\/index.php\/wp-json\/wp\/v2\/types\/post"}],"author":[{"embeddable":true,"href":"https:\/\/emisora.univalle.edu.co\/index.php\/wp-json\/wp\/v2\/users\/1"}],"replies":[{"embeddable":true,"href":"https:\/\/emisora.univalle.edu.co\/index.php\/wp-json\/wp\/v2\/comments?post=4878"}],"version-history":[{"count":1,"href":"https:\/\/emisora.univalle.edu.co\/index.php\/wp-json\/wp\/v2\/posts\/4878\/revisions"}],"predecessor-version":[{"id":4879,"href":"https:\/\/emisora.univalle.edu.co\/index.php\/wp-json\/wp\/v2\/posts\/4878\/revisions\/4879"}],"wp:featuredmedia":[{"embeddable":true,"href":"https:\/\/emisora.univalle.edu.co\/index.php\/wp-json\/wp\/v2\/media\/4881"}],"wp:attachment":[{"href":"https:\/\/emisora.univalle.edu.co\/index.php\/wp-json\/wp\/v2\/media?parent=4878"}],"wp:term":[{"taxonomy":"category","embeddable":true,"href":"https:\/\/emisora.univalle.edu.co\/index.php\/wp-json\/wp\/v2\/categories?post=4878"},{"taxonomy":"post_tag","embeddable":true,"href":"https:\/\/emisora.univalle.edu.co\/index.php\/wp-json\/wp\/v2\/tags?post=4878"}],"curies":[{"name":"wp","href":"https:\/\/api.w.org\/{rel}","templated":true}]}}