{"id":4901,"date":"2015-06-26T10:47:08","date_gmt":"2015-06-26T15:47:08","guid":{"rendered":"https:\/\/emisora.univalle.edu.co\/\/?p=4901"},"modified":"2015-06-26T10:59:26","modified_gmt":"2015-06-26T15:59:26","slug":"gobernador-del-ubeimar-delgado-se-encuentra-en-expo-milan-promoviendo-la-oferta-hortofruticula-del-valle","status":"publish","type":"post","link":"https:\/\/emisora.univalle.edu.co\/index.php\/gobernador-del-ubeimar-delgado-se-encuentra-en-expo-milan-promoviendo-la-oferta-hortofruticula-del-valle\/","title":{"rendered":"Gobernador Ubeimar Delgado se encuentra en Expo Mil\u00e1n, promoviendo la oferta Hortofrut\u00edcula del Valle"},"content":{"rendered":"<p><span style=\"line-height: 1.5em;\">El gobernador del Valle del Cauca, Ubeimar Delgado se encuentra en Expo Mil\u00e1n, promoviendo la oferta Hortofrut\u00edcula del Valle del Cauca ante diferentes regiones italianas. Este jueves 25 de junio se reuni\u00f3 con el Presidente de Emilia-Romagna, Stefano Bonaccini, para explorar oportunidades de cooperaci\u00f3n en transferencia de tecnolog\u00eda para el desarrollo del sector agr\u00edcola del Valle del Cauca.<\/span><br \/>\nComo muestra de la producci\u00f3n regional, esta semana el restaurante del Pabell\u00f3n de Colombia ofreci\u00f3 una degustaci\u00f3n de la fruta representativa del Valle en un segmento denominado \u2018Happy Lulhour\u2019. Entre las 5 de la tarde y las 7 de la noche, los visitantes pudieron degustar la t\u00edpica lulada valluna y Ron Marqu\u00e9s del Valle, de la Industria de Licores del Valle.<\/p>\n<p>La agenda de la Gobernaci\u00f3n del Valle en Expo Mil\u00e1n 2015, busca, adem\u00e1s de mostrar su oferta agr\u00edcola y promover la inversi\u00f3n, generar oportunidades que traduzcan en transferencia de conocimiento y tecnolog\u00eda para mejorar la industria y la competitividad de la regi\u00f3n.<\/p>\n<p>Fuente: Comunicaciones Gobernaci\u00f3n<\/p>\n","protected":false},"excerpt":{"rendered":"<p>El gobernador del Valle del Cauca, Ubeimar Delgado se encuentra en Expo Mil\u00e1n, promoviendo la oferta Hortofrut\u00edcula del Valle del Cauca ante diferentes regiones italianas. Este jueves 25 de junio se reuni\u00f3 con el Presidente de Emilia-Romagna, Stefano Bonaccini, para explorar oportunidades de cooperaci\u00f3n en transferencia de tecnolog\u00eda para el[&#8230;]<\/p>\n","protected":false},"author":1,"featured_media":4896,"comment_status":"open","ping_status":"open","sticky":false,"template":"","format":"standard","meta":{"footnotes":""},"categories":[4],"tags":[],"_links":{"self":[{"href":"https:\/\/emisora.univalle.edu.co\/index.php\/wp-json\/wp\/v2\/posts\/4901"}],"collection":[{"href":"https:\/\/emisora.univalle.edu.co\/index.php\/wp-json\/wp\/v2\/posts"}],"about":[{"href":"https:\/\/emisora.univalle.edu.co\/index.php\/wp-json\/wp\/v2\/types\/post"}],"author":[{"embeddable":true,"href":"https:\/\/emisora.univalle.edu.co\/index.php\/wp-json\/wp\/v2\/users\/1"}],"replies":[{"embeddable":true,"href":"https:\/\/emisora.univalle.edu.co\/index.php\/wp-json\/wp\/v2\/comments?post=4901"}],"version-history":[{"count":2,"href":"https:\/\/emisora.univalle.edu.co\/index.php\/wp-json\/wp\/v2\/posts\/4901\/revisions"}],"predecessor-version":[{"id":4915,"href":"https:\/\/emisora.univalle.edu.co\/index.php\/wp-json\/wp\/v2\/posts\/4901\/revisions\/4915"}],"wp:featuredmedia":[{"embeddable":true,"href":"https:\/\/emisora.univalle.edu.co\/index.php\/wp-json\/wp\/v2\/media\/4896"}],"wp:attachment":[{"href":"https:\/\/emisora.univalle.edu.co\/index.php\/wp-json\/wp\/v2\/media?parent=4901"}],"wp:term":[{"taxonomy":"category","embeddable":true,"href":"https:\/\/emisora.univalle.edu.co\/index.php\/wp-json\/wp\/v2\/categories?post=4901"},{"taxonomy":"post_tag","embeddable":true,"href":"https:\/\/emisora.univalle.edu.co\/index.php\/wp-json\/wp\/v2\/tags?post=4901"}],"curies":[{"name":"wp","href":"https:\/\/api.w.org\/{rel}","templated":true}]}}