{"id":4903,"date":"2015-06-26T10:48:08","date_gmt":"2015-06-26T15:48:08","guid":{"rendered":"https:\/\/emisora.univalle.edu.co\/\/?p=4903"},"modified":"2015-06-26T10:48:08","modified_gmt":"2015-06-26T15:48:08","slug":"gobernacion-del-valle-del-cauca-continua-apoyando-escenarios-culturales-de-tradicion","status":"publish","type":"post","link":"https:\/\/emisora.univalle.edu.co\/index.php\/gobernacion-del-valle-del-cauca-continua-apoyando-escenarios-culturales-de-tradicion\/","title":{"rendered":"Gobernaci\u00f3n del Valle del Cauca contin\u00faa apoyando escenarios culturales de tradici\u00f3n"},"content":{"rendered":"<p><span style=\"line-height: 1.5em;\">La secretaria de Cultura del Departamento, Ana Mar\u00eda Jaramillo Torres, invita a la ciudadan\u00eda a participar del XXVII Concurso Nacional de M\u00fasica In\u00e9dita de Bandas Municipales \u201cLuis Mario Lopeda\u201d, que se llevar\u00e1\u00a0 a cabo el 27 y 28 de junio en el municipio de San Pedro.<\/span><br \/>\nEl concurso fue creado en\u00a0 homenaje a uno de los m\u00fasicos m\u00e1s representativos de la regi\u00f3n, Luis Mario Lopeda y su objetivo es fomentar el folclore y resaltar la labor de nuestros compositores, se exige que las melod\u00edas a interpretar sean de ritmos netamente colombianos. Cada banda interpreta una obra in\u00e9dita de cualquier compositor y una libre (no popurr\u00ed) del folclore Colombiano. Los Ganadores del Primer y Segundo Puesto reciben el Gran Premio \u00abMario Lopeda\u00bb adem\u00e1s se da el premio a la Mejor Banda, la de mayor afinaci\u00f3n, ajuste r\u00edtmico, balance sonoro y la interpretaci\u00f3n.<\/p>\n<p>\u201cSan pedro ha sido un municipio ejemplar en la valoraci\u00f3n de cultura y la tradici\u00f3n; en los procesos de bandas por ejemplo, le ha dado grandes reconocimientos al Valle del Cauca, por ello,\u00a0 estamos muy comprometidos en continuar apoyando este evento, pues adem\u00e1s de contribuir al sano esparcimiento y a la valoraci\u00f3n art\u00edstica, es una estrategia de desarrollo social y econ\u00f3mico para las futuras generaciones que all\u00ed se encuentran, abanderando la m\u00fasica y el folclore como su proyecto de vida\u201d afirm\u00f3 la Secretaria de Cultura Departamental.<\/p>\n<p>Fuente: Comunicaciones Gobernaci\u00f3n<\/p>\n","protected":false},"excerpt":{"rendered":"<p>La secretaria de Cultura del Departamento, Ana Mar\u00eda Jaramillo Torres, invita a la ciudadan\u00eda a participar del XXVII Concurso Nacional de M\u00fasica In\u00e9dita de Bandas Municipales \u201cLuis Mario Lopeda\u201d, que se llevar\u00e1\u00a0 a cabo el 27 y 28 de junio en el municipio de San Pedro. El concurso fue creado[&#8230;]<\/p>\n","protected":false},"author":1,"featured_media":4897,"comment_status":"open","ping_status":"open","sticky":false,"template":"","format":"standard","meta":{"footnotes":""},"categories":[4],"tags":[],"_links":{"self":[{"href":"https:\/\/emisora.univalle.edu.co\/index.php\/wp-json\/wp\/v2\/posts\/4903"}],"collection":[{"href":"https:\/\/emisora.univalle.edu.co\/index.php\/wp-json\/wp\/v2\/posts"}],"about":[{"href":"https:\/\/emisora.univalle.edu.co\/index.php\/wp-json\/wp\/v2\/types\/post"}],"author":[{"embeddable":true,"href":"https:\/\/emisora.univalle.edu.co\/index.php\/wp-json\/wp\/v2\/users\/1"}],"replies":[{"embeddable":true,"href":"https:\/\/emisora.univalle.edu.co\/index.php\/wp-json\/wp\/v2\/comments?post=4903"}],"version-history":[{"count":1,"href":"https:\/\/emisora.univalle.edu.co\/index.php\/wp-json\/wp\/v2\/posts\/4903\/revisions"}],"predecessor-version":[{"id":4904,"href":"https:\/\/emisora.univalle.edu.co\/index.php\/wp-json\/wp\/v2\/posts\/4903\/revisions\/4904"}],"wp:featuredmedia":[{"embeddable":true,"href":"https:\/\/emisora.univalle.edu.co\/index.php\/wp-json\/wp\/v2\/media\/4897"}],"wp:attachment":[{"href":"https:\/\/emisora.univalle.edu.co\/index.php\/wp-json\/wp\/v2\/media?parent=4903"}],"wp:term":[{"taxonomy":"category","embeddable":true,"href":"https:\/\/emisora.univalle.edu.co\/index.php\/wp-json\/wp\/v2\/categories?post=4903"},{"taxonomy":"post_tag","embeddable":true,"href":"https:\/\/emisora.univalle.edu.co\/index.php\/wp-json\/wp\/v2\/tags?post=4903"}],"curies":[{"name":"wp","href":"https:\/\/api.w.org\/{rel}","templated":true}]}}