{"id":4905,"date":"2015-06-26T10:49:42","date_gmt":"2015-06-26T15:49:42","guid":{"rendered":"https:\/\/emisora.univalle.edu.co\/\/?p=4905"},"modified":"2015-06-26T10:49:42","modified_gmt":"2015-06-26T15:49:42","slug":"gobierno-departamental-trabaja-por-el-emprendimiento-cultural-de-la-region","status":"publish","type":"post","link":"https:\/\/emisora.univalle.edu.co\/index.php\/gobierno-departamental-trabaja-por-el-emprendimiento-cultural-de-la-region\/","title":{"rendered":"Gobierno Departamental trabaja por el emprendimiento cultural de la regi\u00f3n"},"content":{"rendered":"<p><span style=\"line-height: 1.5em;\">La Secretar\u00eda de Cultura Departamental y\u00a0 el Ministerio de Cultura\u00a0 con el\u00a0 fin de legitimar la importante labor de los l\u00edderes y gestores culturales en el Departamento, realizar\u00e1 desde el\u00a0 01 de julio del presente a\u00f1o, en las instalaciones de la Biblioteca Departamental Jorge Garc\u00e9s Borrero, el diplomado, \u201cFormaci\u00f3n de Gestores Culturales del Valle del Cauca\u201d.<\/span><br \/>\nEl Instituto Departamental de Bellas Artes ser\u00e1 el encargado del componente pedag\u00f3gico, el cual tendr\u00e1 \u00e9nfasis en procesos de organizaci\u00f3n y planeaci\u00f3n, con el fin de fortalecer la capacidad individual y colectiva de los gestores, para la identificaci\u00f3n y puesta en marcha de iniciativas de car\u00e1cter cultural en Pro del desarrollo local.<\/p>\n<p>En total 60 gestores culturales representantes de cada uno de los municipios del Departamento, participaran en un seminario de 120 horas que abordar\u00e1 temas como: El contexto de la gesti\u00f3n cultural, las herramientas metodol\u00f3gicas de la gesti\u00f3n y el emprendimiento cultural, proyectos y ejemplos pr\u00e1cticos de gesti\u00f3n y emprendimiento cultural.<\/p>\n<p>Fuente: Comunicaciones Gobernaci\u00f3n<\/p>\n","protected":false},"excerpt":{"rendered":"<p>La Secretar\u00eda de Cultura Departamental y\u00a0 el Ministerio de Cultura\u00a0 con el\u00a0 fin de legitimar la importante labor de los l\u00edderes y gestores culturales en el Departamento, realizar\u00e1 desde el\u00a0 01 de julio del presente a\u00f1o, en las instalaciones de la Biblioteca Departamental Jorge Garc\u00e9s Borrero, el diplomado, \u201cFormaci\u00f3n de[&#8230;]<\/p>\n","protected":false},"author":1,"featured_media":4894,"comment_status":"open","ping_status":"open","sticky":false,"template":"","format":"standard","meta":{"footnotes":""},"categories":[4],"tags":[],"_links":{"self":[{"href":"https:\/\/emisora.univalle.edu.co\/index.php\/wp-json\/wp\/v2\/posts\/4905"}],"collection":[{"href":"https:\/\/emisora.univalle.edu.co\/index.php\/wp-json\/wp\/v2\/posts"}],"about":[{"href":"https:\/\/emisora.univalle.edu.co\/index.php\/wp-json\/wp\/v2\/types\/post"}],"author":[{"embeddable":true,"href":"https:\/\/emisora.univalle.edu.co\/index.php\/wp-json\/wp\/v2\/users\/1"}],"replies":[{"embeddable":true,"href":"https:\/\/emisora.univalle.edu.co\/index.php\/wp-json\/wp\/v2\/comments?post=4905"}],"version-history":[{"count":1,"href":"https:\/\/emisora.univalle.edu.co\/index.php\/wp-json\/wp\/v2\/posts\/4905\/revisions"}],"predecessor-version":[{"id":4906,"href":"https:\/\/emisora.univalle.edu.co\/index.php\/wp-json\/wp\/v2\/posts\/4905\/revisions\/4906"}],"wp:featuredmedia":[{"embeddable":true,"href":"https:\/\/emisora.univalle.edu.co\/index.php\/wp-json\/wp\/v2\/media\/4894"}],"wp:attachment":[{"href":"https:\/\/emisora.univalle.edu.co\/index.php\/wp-json\/wp\/v2\/media?parent=4905"}],"wp:term":[{"taxonomy":"category","embeddable":true,"href":"https:\/\/emisora.univalle.edu.co\/index.php\/wp-json\/wp\/v2\/categories?post=4905"},{"taxonomy":"post_tag","embeddable":true,"href":"https:\/\/emisora.univalle.edu.co\/index.php\/wp-json\/wp\/v2\/tags?post=4905"}],"curies":[{"name":"wp","href":"https:\/\/api.w.org\/{rel}","templated":true}]}}