{"id":4907,"date":"2015-06-26T10:50:50","date_gmt":"2015-06-26T15:50:50","guid":{"rendered":"https:\/\/emisora.univalle.edu.co\/\/?p=4907"},"modified":"2015-06-26T10:50:50","modified_gmt":"2015-06-26T15:50:50","slug":"metro-cali-y-policia-se-unen-para-garantizar-seguridad-y-convivencia-en-el-mio","status":"publish","type":"post","link":"https:\/\/emisora.univalle.edu.co\/index.php\/metro-cali-y-policia-se-unen-para-garantizar-seguridad-y-convivencia-en-el-mio\/","title":{"rendered":"Metro Cali y Polic\u00eda se unen para garantizar seguridad y convivencia en el MIO"},"content":{"rendered":"<p><span style=\"line-height: 1.5em;\">A trav\u00e9s de un nuevo convenio Metro Cali y la Polic\u00eda Metropolitana unen sus esfuerzos para promover el buen uso del Sistema de Transporte Masivo y prevenir malas conductas contra usuarios, operadores, estaciones y buses, as\u00ed como evasi\u00f3n de pasajes y vandalismo.<\/span><\/p>\n<p>El trabajo en conjunto entre ambas instituciones busca reforzar la seguridad en el Sistema, as\u00ed lo manifest\u00f3 la vicepresidenta de Metro Cali, Sandra Liliana \u00c1ngel Almario.\u00a0 \u201cEs vital garantizarles a los usuarios del MIO y a los agentes involucrados en su operaci\u00f3n, el normal desarrollo de la prestaci\u00f3n del servicio en condiciones de seguridad y confianza. Todo ello, implica el fortalecimiento de garant\u00edas y condiciones que consoliden la convivencia ciudadana\u201d.<\/p>\n<p>El personal de la Polic\u00eda Metropolitana est\u00e1 encargado de disuadir y retirar del MIO a personas que realicen actividades no apropiadas en el Sistema tanto en la infraestructura como en los buses, as\u00ed como a quienes interrumpan el cierre de las puertas telesc\u00f3picas, ingresen armas o elementos que pongan en riesgo a los usuarios, realicen ventas ambulantes, mendicidad y pr\u00e9dicas.<\/p>\n<p>Vale la pena recordar, que en el Centro de Control del Sistema de manera permanente, se cuenta con personal de la Polic\u00eda Metropolitana para ver en tiempo real, a trav\u00e9s de las c\u00e1maras de seguridad, lo que sucede en las estaciones y terminales del Masivo y de esta manera brindar apoyo.<\/p>\n<p>Compromisos de Metro Cali:<\/p>\n<p>&#8211;\u00a0\u00a0\u00a0\u00a0\u00a0\u00a0\u00a0 Facilitar el acceso de la Polic\u00eda Metropolitana a los registros f\u00edlmicos y en tiempo real de las c\u00e1maras de seguridad del Sistema MIO.<\/p>\n<p>&#8211;\u00a0\u00a0\u00a0\u00a0\u00a0\u00a0\u00a0 Transferir a la Polic\u00eda Metropolitana $900 millones, como aporte al convenio y representado en log\u00edstica y tecnolog\u00eda.<\/p>\n<p>&#8211;\u00a0\u00a0\u00a0\u00a0\u00a0\u00a0\u00a0 Capacitar sobre el Sistema y Manual de Convivencia (derechos y obligaciones del usuario), al personal que se encargar\u00e1 de ejecutar las actividades orientadoras, de prevenci\u00f3n y disuasi\u00f3n. Desde el 2013 a la fecha Metro Cali ha capacitado 1.051 polic\u00edas bachilleres que adelantan trabajos en el Masivo.<\/p>\n<p>Compromisos Polic\u00eda Metropolitana:<\/p>\n<p>&#8211;\u00a0\u00a0\u00a0\u00a0\u00a0\u00a0\u00a0 Asignar personal uniformado e\u00a0 identificado para el cumplimiento de las actividades de orientaci\u00f3n, difusi\u00f3n, prevenci\u00f3n y disuasi\u00f3n en las estaciones y terminales del MIO,\u00a0 mientras el Sistema est\u00e9 al servicio del p\u00fablico.<\/p>\n<p>&#8211;\u00a0\u00a0\u00a0\u00a0\u00a0\u00a0\u00a0 Designar un funcionario dentro del horario de funcionamiento del Sistema, que sirva de enlace entre la Polic\u00eda Metropolitana y el MIO.<\/p>\n<p>&#8211;\u00a0\u00a0\u00a0\u00a0\u00a0\u00a0\u00a0 Reportar cada tres meses al supervisor de Metro Cali un informe que consolide el n\u00famero y descripci\u00f3n de los eventos irregulares que se presenten mes a mes, tales como vandalismo, malas conductas presentadas en cada estaci\u00f3n, terminal o buses\u00a0 del MlO.<\/p>\n<p>&#8211;\u00a0\u00a0\u00a0\u00a0 Designar un funcionario para atender medios de comunicaci\u00f3n en temas relacionados con novedades de seguridad y convivencia que se presenten en torno a la operaci\u00f3n del Sistema.<\/p>\n<p>El acuerdo firmado tambi\u00e9n contempla personal motorizado perteneciente a los cuadrantes de la Polic\u00eda, quienes recorrer\u00e1n los espacios del Sistema para controlar eventuales actos de vandalismos, malas conductas y evasi\u00f3n de pasajes.<\/p>\n<p>Fuente: Comunicaciones Alcald\u00eda<\/p>\n","protected":false},"excerpt":{"rendered":"<p>A trav\u00e9s de un nuevo convenio Metro Cali y la Polic\u00eda Metropolitana unen sus esfuerzos para promover el buen uso del Sistema de Transporte Masivo y prevenir malas conductas contra usuarios, operadores, estaciones y buses, as\u00ed como evasi\u00f3n de pasajes y vandalismo. El trabajo en conjunto entre ambas instituciones busca[&#8230;]<\/p>\n","protected":false},"author":1,"featured_media":4898,"comment_status":"open","ping_status":"open","sticky":false,"template":"","format":"standard","meta":{"footnotes":""},"categories":[4],"tags":[],"_links":{"self":[{"href":"https:\/\/emisora.univalle.edu.co\/index.php\/wp-json\/wp\/v2\/posts\/4907"}],"collection":[{"href":"https:\/\/emisora.univalle.edu.co\/index.php\/wp-json\/wp\/v2\/posts"}],"about":[{"href":"https:\/\/emisora.univalle.edu.co\/index.php\/wp-json\/wp\/v2\/types\/post"}],"author":[{"embeddable":true,"href":"https:\/\/emisora.univalle.edu.co\/index.php\/wp-json\/wp\/v2\/users\/1"}],"replies":[{"embeddable":true,"href":"https:\/\/emisora.univalle.edu.co\/index.php\/wp-json\/wp\/v2\/comments?post=4907"}],"version-history":[{"count":1,"href":"https:\/\/emisora.univalle.edu.co\/index.php\/wp-json\/wp\/v2\/posts\/4907\/revisions"}],"predecessor-version":[{"id":4908,"href":"https:\/\/emisora.univalle.edu.co\/index.php\/wp-json\/wp\/v2\/posts\/4907\/revisions\/4908"}],"wp:featuredmedia":[{"embeddable":true,"href":"https:\/\/emisora.univalle.edu.co\/index.php\/wp-json\/wp\/v2\/media\/4898"}],"wp:attachment":[{"href":"https:\/\/emisora.univalle.edu.co\/index.php\/wp-json\/wp\/v2\/media?parent=4907"}],"wp:term":[{"taxonomy":"category","embeddable":true,"href":"https:\/\/emisora.univalle.edu.co\/index.php\/wp-json\/wp\/v2\/categories?post=4907"},{"taxonomy":"post_tag","embeddable":true,"href":"https:\/\/emisora.univalle.edu.co\/index.php\/wp-json\/wp\/v2\/tags?post=4907"}],"curies":[{"name":"wp","href":"https:\/\/api.w.org\/{rel}","templated":true}]}}