{"id":4937,"date":"2015-06-30T14:55:03","date_gmt":"2015-06-30T19:55:03","guid":{"rendered":"https:\/\/emisora.univalle.edu.co\/\/?p=4937"},"modified":"2015-06-30T14:55:03","modified_gmt":"2015-06-30T19:55:03","slug":"valle-del-cauca-y-region-italiana-emilia-romagna-interesados-en-cooperacion-bilateral","status":"publish","type":"post","link":"https:\/\/emisora.univalle.edu.co\/index.php\/valle-del-cauca-y-region-italiana-emilia-romagna-interesados-en-cooperacion-bilateral\/","title":{"rendered":"Valle del Cauca y Regi\u00f3n Italiana Emilia Romagna interesados en Cooperaci\u00f3n Bilateral"},"content":{"rendered":"<p><span style=\"line-height: 1.5em;\">El gobernador del Valle del Cauca, Ubeimar Delgado, sostuvo un encuentro con el Presidente del Consejo de la regi\u00f3n italiana Emilia Romagna, Stefano Bonaccini, en el Pabell\u00f3n de Colombia, para explorar oportunidades de cooperaci\u00f3n comercial y cultural, as\u00ed como de transferencia de tecnolog\u00eda especialmente en el sector agroindustrial.<\/span><\/p>\n<p>Durante la reuni\u00f3n, se destac\u00f3 la similitud entre el departamento colombiano y la regi\u00f3n italiana, ambos importantes productores hortofrut\u00edcolas y transformadores industriales de productos derivados de frutas y vegetales en sus respectivos pa\u00edses.<\/p>\n<p>\u201cEl objetivo com\u00fan es el intercambio cultural en los sectores de la ciencia, tecnolog\u00eda e innovaci\u00f3n, especialmente en el campo agr\u00edcola, para permitir que los estudiantes destacados de Italia y Colombia se puedan beneficiar de excelentes oportunidades educativas en ambos pa\u00edses\u201d, explic\u00f3 el Gobernador Delgado.<\/p>\n<p>Por su parte, el presidente Bonaccini destac\u00f3, adem\u00e1s de la cooperaci\u00f3n t\u00e9cnica, las oportunidades futuras\u00a0 que se vislumbran al reforzar el intercambio comercial entre ambas regiones. \u201cFue muy importante el encuentro con el Departamento del Valle del Cauca, pues queremos desarrollar una colaboraci\u00f3n comercial y crear oportunidades de formaci\u00f3n y de estudio para los j\u00f3venes italianos y colombianos\u201d,\u00a0 declar\u00f3 el presidente Bonaccini.<\/p>\n<p>El presidente Bonaccini fue guiado por el gobernador Delgado por el recorrido multisensorial a trav\u00e9s de los cinco pisos t\u00e9rmicos que ofrece el Pabell\u00f3n de Colombia, que ya ha sido visitado por m\u00e1s de 200 mil visitantes. \u201cEs fascinante poder hacer un viaje desde el nivel del mar hasta casi 6 mil metros de altura, pasando por tantos climas diversos. Colombia es realmente un pa\u00eds hermoso\u201d, declar\u00f3 Bonaccini.<\/p>\n<p>Tambi\u00e9n ha llevado a cabo reuniones estrat\u00e9gicas para evaluar oportunidades de cooperaci\u00f3n e intercambio comercial. En horas de la ma\u00f1ana, el gobernador declar\u00f3 la intenci\u00f3n de desarrollar un estudio de factibilidad para desarrollar una planta de procesamiento de residuos org\u00e1nicos de la mano de la planta Austep Mil\u00e1n. El estudio evaluar\u00eda la posibilidad de replicar en el departamento una planta similar a la de Austep en la regi\u00f3n Lombarda, para mejorar el tratamiento de basuras y transformarla en energ\u00eda renovable.<\/p>\n<p>En el marco de la agenda, el departamento ha planeado una actividad que busca evaluar los gustos del mercado italiano mediante degustaciones de jugo de lulo y cocteles hechos con ron y aguardiente de la Industria de Licores del Valle. El \u2018Happy Lulhour\u2019, como ha sido promocionado en la Exposici\u00f3n Universal, se llevar\u00e1 a cabo por tres d\u00edas consecutivos, desde el 25 de junio hasta 28 en el restaurante del Pabell\u00f3n de Colombia.<\/p>\n<p>La agenda del Valle del Cauca contar\u00e1 a su vez con un importante espect\u00e1culo cultural, apoyado por el Ministerio de Cultura. Este viernes, Herencia de Timbiqu\u00ed traer\u00e1 el sonido de la marimba de chonta, el cununo y el bombo para presentar los sonidos del Pac\u00edfico y dar un ejemplo de la diversidad musical de Colombia.<\/p>\n<p>Colombia se encuentra presente en Expo Mil\u00e1n con un pabell\u00f3n de casi 2000 metros cuadrados, que presenta las diferentes regiones del pa\u00eds, su variada producci\u00f3n agroalimentaria y su oferta comercial e industrial. ProColombia gestiona esta participaci\u00f3n, siguiendo los lineamientos de una Comisi\u00f3n Intersectorial conformada por Presidencia de la Rep\u00fablica, el Departamento Nacional de Planeaci\u00f3n y los ministerios de Comercio, Industria y Turismo, Hacienda, Relaciones Exteriores y Agricultura. Varias Gobernaciones hacen parte de este proyecto, aprovechando esta plataforma para posicionarse con su oferta comercial, tur\u00edstica y de inversi\u00f3n en el mercado europeo.<\/p>\n<p>Fuente: Comunicaciones Gobernaci\u00f3n<\/p>\n","protected":false},"excerpt":{"rendered":"<p>El gobernador del Valle del Cauca, Ubeimar Delgado, sostuvo un encuentro con el Presidente del Consejo de la regi\u00f3n italiana Emilia Romagna, Stefano Bonaccini, en el Pabell\u00f3n de Colombia, para explorar oportunidades de cooperaci\u00f3n comercial y cultural, as\u00ed como de transferencia de tecnolog\u00eda especialmente en el sector agroindustrial. Durante la[&#8230;]<\/p>\n","protected":false},"author":1,"featured_media":4931,"comment_status":"open","ping_status":"open","sticky":false,"template":"","format":"standard","meta":{"footnotes":""},"categories":[4],"tags":[],"_links":{"self":[{"href":"https:\/\/emisora.univalle.edu.co\/index.php\/wp-json\/wp\/v2\/posts\/4937"}],"collection":[{"href":"https:\/\/emisora.univalle.edu.co\/index.php\/wp-json\/wp\/v2\/posts"}],"about":[{"href":"https:\/\/emisora.univalle.edu.co\/index.php\/wp-json\/wp\/v2\/types\/post"}],"author":[{"embeddable":true,"href":"https:\/\/emisora.univalle.edu.co\/index.php\/wp-json\/wp\/v2\/users\/1"}],"replies":[{"embeddable":true,"href":"https:\/\/emisora.univalle.edu.co\/index.php\/wp-json\/wp\/v2\/comments?post=4937"}],"version-history":[{"count":1,"href":"https:\/\/emisora.univalle.edu.co\/index.php\/wp-json\/wp\/v2\/posts\/4937\/revisions"}],"predecessor-version":[{"id":4938,"href":"https:\/\/emisora.univalle.edu.co\/index.php\/wp-json\/wp\/v2\/posts\/4937\/revisions\/4938"}],"wp:featuredmedia":[{"embeddable":true,"href":"https:\/\/emisora.univalle.edu.co\/index.php\/wp-json\/wp\/v2\/media\/4931"}],"wp:attachment":[{"href":"https:\/\/emisora.univalle.edu.co\/index.php\/wp-json\/wp\/v2\/media?parent=4937"}],"wp:term":[{"taxonomy":"category","embeddable":true,"href":"https:\/\/emisora.univalle.edu.co\/index.php\/wp-json\/wp\/v2\/categories?post=4937"},{"taxonomy":"post_tag","embeddable":true,"href":"https:\/\/emisora.univalle.edu.co\/index.php\/wp-json\/wp\/v2\/tags?post=4937"}],"curies":[{"name":"wp","href":"https:\/\/api.w.org\/{rel}","templated":true}]}}