{"id":4939,"date":"2015-06-30T14:58:03","date_gmt":"2015-06-30T19:58:03","guid":{"rendered":"https:\/\/emisora.univalle.edu.co\/\/?p=4939"},"modified":"2015-06-30T14:58:03","modified_gmt":"2015-06-30T19:58:03","slug":"secretaria-de-salud-activo-comite-departamental-para-el-uso-inadecuado-de-polvora","status":"publish","type":"post","link":"https:\/\/emisora.univalle.edu.co\/index.php\/secretaria-de-salud-activo-comite-departamental-para-el-uso-inadecuado-de-polvora\/","title":{"rendered":"Secretar\u00eda de Salud activ\u00f3 Comit\u00e9 Departamental para el uso inadecuado de p\u00f3lvora"},"content":{"rendered":"<p><span style=\"line-height: 1.5em;\">La Secretar\u00eda de Salud del Valle del Cauca reactiv\u00f3 el Comit\u00e9 Departamental para el uso inadecuado de p\u00f3lvora donde se est\u00e1 planificando la estrategia para disminuir el uso de esta por parte de los infantes y evitar el alto \u00edndice de lesionados que se incrementan al acercarse las fiestas decembrinas.<\/span><\/p>\n<p>Para Mar\u00eda Cristina Lesmes Duque, Subsecretaria de Salud P\u00fablica el trabajo de prevenci\u00f3n de p\u00f3lvora debe ser permanente porque es un cambio de cultura que no es f\u00e1cil de lograr.<\/p>\n<p>\u201cEstamos a mitad de a\u00f1o y ya diciembre cerca y el problema del uso de la p\u00f3lvora indiscriminado y las quemaduras en los ni\u00f1os especialmente nos comienza a preocupar entonces hemos reactivado el Comit\u00e9 Departamental de P\u00f3lvora este mes y empezamos a trabajar haciendo campa\u00f1as de prevenci\u00f3n este a\u00f1o vamos a organizar un concurso con todos los escolares de los diversos colegios de los 42 municipios\u201d, asever\u00f3 la funcionaria.<\/p>\n<p>Lesmes duque agreg\u00f3 que el objeto es que ellos dise\u00f1en un afiche promocional para la campa\u00f1a para la prevenci\u00f3n del uso de la p\u00f3lvora y un slogan.<\/p>\n<p>\u201cLa invitaci\u00f3n es a los colegios a organizarse para que a trav\u00e9s de sus diferentes cursos comiencen a pensar en la producci\u00f3n de afiche que ser\u00e1 impreso y distribuido en los meses de octubre, noviembre y diciembre en todo el Valle\u201d, finaliz\u00f3 la subsecretaria.<\/p>\n<p>El Comit\u00e9 Departamental para el uso inadecuado de p\u00f3lvora se hace de forma mensual y participan la Polic\u00eda, el ICBF, Secretar\u00edas de Gobierno y Educaci\u00f3n Departamental Polic\u00eda de Infancia y Adolescencia, Cruz Roja, Defensa Civil, Hospital Universitario del Valle y Organismos de Socorro entre otras instituciones.<\/p>\n<p>Fuente: Comunicaciones Gobernaci\u00f3n<\/p>\n","protected":false},"excerpt":{"rendered":"<p>La Secretar\u00eda de Salud del Valle del Cauca reactiv\u00f3 el Comit\u00e9 Departamental para el uso inadecuado de p\u00f3lvora donde se est\u00e1 planificando la estrategia para disminuir el uso de esta por parte de los infantes y evitar el alto \u00edndice de lesionados que se incrementan al acercarse las fiestas decembrinas.[&#8230;]<\/p>\n","protected":false},"author":1,"featured_media":4933,"comment_status":"open","ping_status":"open","sticky":false,"template":"","format":"standard","meta":{"footnotes":""},"categories":[4],"tags":[],"_links":{"self":[{"href":"https:\/\/emisora.univalle.edu.co\/index.php\/wp-json\/wp\/v2\/posts\/4939"}],"collection":[{"href":"https:\/\/emisora.univalle.edu.co\/index.php\/wp-json\/wp\/v2\/posts"}],"about":[{"href":"https:\/\/emisora.univalle.edu.co\/index.php\/wp-json\/wp\/v2\/types\/post"}],"author":[{"embeddable":true,"href":"https:\/\/emisora.univalle.edu.co\/index.php\/wp-json\/wp\/v2\/users\/1"}],"replies":[{"embeddable":true,"href":"https:\/\/emisora.univalle.edu.co\/index.php\/wp-json\/wp\/v2\/comments?post=4939"}],"version-history":[{"count":1,"href":"https:\/\/emisora.univalle.edu.co\/index.php\/wp-json\/wp\/v2\/posts\/4939\/revisions"}],"predecessor-version":[{"id":4940,"href":"https:\/\/emisora.univalle.edu.co\/index.php\/wp-json\/wp\/v2\/posts\/4939\/revisions\/4940"}],"wp:featuredmedia":[{"embeddable":true,"href":"https:\/\/emisora.univalle.edu.co\/index.php\/wp-json\/wp\/v2\/media\/4933"}],"wp:attachment":[{"href":"https:\/\/emisora.univalle.edu.co\/index.php\/wp-json\/wp\/v2\/media?parent=4939"}],"wp:term":[{"taxonomy":"category","embeddable":true,"href":"https:\/\/emisora.univalle.edu.co\/index.php\/wp-json\/wp\/v2\/categories?post=4939"},{"taxonomy":"post_tag","embeddable":true,"href":"https:\/\/emisora.univalle.edu.co\/index.php\/wp-json\/wp\/v2\/tags?post=4939"}],"curies":[{"name":"wp","href":"https:\/\/api.w.org\/{rel}","templated":true}]}}