{"id":4949,"date":"2015-06-30T15:19:12","date_gmt":"2015-06-30T20:19:12","guid":{"rendered":"https:\/\/emisora.univalle.edu.co\/\/?p=4949"},"modified":"2015-06-30T15:19:12","modified_gmt":"2015-06-30T20:19:12","slug":"pico-y-placa-rota-partir-del-1-de-julio","status":"publish","type":"post","link":"https:\/\/emisora.univalle.edu.co\/index.php\/pico-y-placa-rota-partir-del-1-de-julio\/","title":{"rendered":"Pico y Placa rota a partir del 1 de julio"},"content":{"rendered":"<p><span style=\"font-size: 14px; line-height: 1.5em;\">La medida de pico y placa para los veh\u00edculos particulares rotar\u00e1 en nuestra ciudad el pr\u00f3ximo mi\u00e9rcoles 1 de julio, de acuerdo con lo dispuesto en el decreto 411.0.20.0928 de diciembre 31 de 2014 y\u00a0 lo ratificado en\u00a0 el decreto 411.0.20.0329 del 29\u00a0 de mayo de 2015.\u00a0<\/span><\/p>\n<p>La medida que cambia el mi\u00e9rcoles inicia con los veh\u00edculos cuyas placas terminan en los numerales 7 y 8, debiendo repetir en la misma semana a pesar de que el d\u00eda martes 30 de junio tambi\u00e9n deben\u00a0 cumplir con la restricci\u00f3n.<\/p>\n<p>La programaci\u00f3n semanal de la medida para los veh\u00edculos de servicio particular, que se aplicar\u00e1 hasta el 31 de diciembre de 2015 en los horarios de\u00a0 7:00 a.m. a las 10:00 a.m. y entre las 5:00 p.m. y las 8:00 p.m., es la siguiente:<\/p>\n<p><strong>LUNES: Placas terminadas en numeral: 3 y 4<\/strong><b><br \/>\n<strong>MARTES:\u00a0Placas terminadas en numeral: 5 y 6<\/strong><br \/>\n<strong>MI\u00c9RCOLES:\u00a0Placas terminadas en numeral: 7 y 8<\/strong><br \/>\n<strong>JUEVES:\u00a0Placas terminadas en numeral: 9 y 0<\/strong><br \/>\n<strong>VIERNES:\u00a0Placas terminadas en numeral: 1 y 2<\/strong><\/b><\/p>\n<p>El Secretario de Tr\u00e1nsito, Alberto Hadad, se\u00f1al\u00f3 que \u201cla medida aplica en iguales condiciones tanto para los veh\u00edculos matriculados en Cali como para los de otras ciudades\u201d. Y agreg\u00f3: \u201chago un llamado especial a los conductores para que est\u00e9n atentos a la rotaci\u00f3n pues la medida entrar\u00e1 a regir de manera inmediata el 1 de julio y no\u00a0 se tendr\u00e1 semana pedag\u00f3gica ni se har\u00e1n comparendos pedag\u00f3gicos. De tal manera que pueden exponerse a la aplicaci\u00f3n de sanciones econ\u00f3micas hasta por 15 Salarios M\u00ednimos Diarios Vigentes y la correspondiente inmovilizaci\u00f3n del veh\u00edculo\u201d.<\/p>\n<p>Seg\u00fan datos de la Dependencia cada d\u00eda se elaboran en promedio 130 \u00f3rdenes de comparendo por\u00a0 la infracci\u00f3n C-14, correspondiente a transitar por sitio restringido o en horas prohibidas, o\u00a0 conocida como Pico y Placa.<\/p>\n<p>\u201cLuego de analizar los resultados de los medidas tomadas para la regulaci\u00f3n del tr\u00e1nsito en los puntos neur\u00e1lgicos de la ciudad en horas pico, de la aceptaci\u00f3n a algunas recomendaciones para la racionalizaci\u00f3n del uso del carro y de algunas medidas complementarias para el tr\u00e1nsito de veh\u00edculos de carga, tengo que manifestar mi complacencia con el comportamiento de los conductores que nos ha ayudado en gran medida a mejorar el tr\u00e1fico de la ciudad\u201d, expres\u00f3 el Secretario de Tr\u00e1nsito, Alberto Hadad Lemos.<\/p>\n<p>Con base en los resultados vistos, el Secretario aclar\u00f3 que, \u201chemos decidido que\u00a0 la medida de Pico y Placa para veh\u00edculos de servicio particular se mantendr\u00e1 en las mismas condiciones a las definidas hasta el momento, por lo que ser\u00e1 solo hasta el mes de julio cuando se haga la rotaci\u00f3n del Pico y Placa\u201d.<\/p>\n<p>Fuente: Comunicaciones Alcald\u00eda<\/p>\n<p>&nbsp;<\/p>\n","protected":false},"excerpt":{"rendered":"<p>La medida de pico y placa para los veh\u00edculos particulares rotar\u00e1 en nuestra ciudad el pr\u00f3ximo mi\u00e9rcoles 1 de julio, de acuerdo con lo dispuesto en el decreto 411.0.20.0928 de diciembre 31 de 2014 y\u00a0 lo ratificado en\u00a0 el decreto 411.0.20.0329 del 29\u00a0 de mayo de 2015.\u00a0 La medida que[&#8230;]<\/p>\n","protected":false},"author":1,"featured_media":4932,"comment_status":"open","ping_status":"open","sticky":false,"template":"","format":"standard","meta":{"footnotes":""},"categories":[4],"tags":[],"_links":{"self":[{"href":"https:\/\/emisora.univalle.edu.co\/index.php\/wp-json\/wp\/v2\/posts\/4949"}],"collection":[{"href":"https:\/\/emisora.univalle.edu.co\/index.php\/wp-json\/wp\/v2\/posts"}],"about":[{"href":"https:\/\/emisora.univalle.edu.co\/index.php\/wp-json\/wp\/v2\/types\/post"}],"author":[{"embeddable":true,"href":"https:\/\/emisora.univalle.edu.co\/index.php\/wp-json\/wp\/v2\/users\/1"}],"replies":[{"embeddable":true,"href":"https:\/\/emisora.univalle.edu.co\/index.php\/wp-json\/wp\/v2\/comments?post=4949"}],"version-history":[{"count":2,"href":"https:\/\/emisora.univalle.edu.co\/index.php\/wp-json\/wp\/v2\/posts\/4949\/revisions"}],"predecessor-version":[{"id":4951,"href":"https:\/\/emisora.univalle.edu.co\/index.php\/wp-json\/wp\/v2\/posts\/4949\/revisions\/4951"}],"wp:featuredmedia":[{"embeddable":true,"href":"https:\/\/emisora.univalle.edu.co\/index.php\/wp-json\/wp\/v2\/media\/4932"}],"wp:attachment":[{"href":"https:\/\/emisora.univalle.edu.co\/index.php\/wp-json\/wp\/v2\/media?parent=4949"}],"wp:term":[{"taxonomy":"category","embeddable":true,"href":"https:\/\/emisora.univalle.edu.co\/index.php\/wp-json\/wp\/v2\/categories?post=4949"},{"taxonomy":"post_tag","embeddable":true,"href":"https:\/\/emisora.univalle.edu.co\/index.php\/wp-json\/wp\/v2\/tags?post=4949"}],"curies":[{"name":"wp","href":"https:\/\/api.w.org\/{rel}","templated":true}]}}