{"id":4993,"date":"2015-07-01T14:28:26","date_gmt":"2015-07-01T19:28:26","guid":{"rendered":"https:\/\/emisora.univalle.edu.co\/\/?p=4993"},"modified":"2015-07-01T14:28:26","modified_gmt":"2015-07-01T19:28:26","slug":"ninos-de-un-ano-de-edad-tendran-vacuna-contra-la-varicela-gratuitamente","status":"publish","type":"post","link":"https:\/\/emisora.univalle.edu.co\/index.php\/ninos-de-un-ano-de-edad-tendran-vacuna-contra-la-varicela-gratuitamente\/","title":{"rendered":"Ni\u00f1os de un a\u00f1o de edad, tendr\u00e1n vacuna contra la varicela gratuitamente"},"content":{"rendered":"<p><span style=\"line-height: 1.5em;\">La Secretar\u00eda de Salud P\u00fablica Municipal,\u00a0 informa que todas las ESE y las IPS del Municipio, aplicar\u00e1n gratuitamente la vacuna de Varicela a todos los ni\u00f1os de 1 a\u00f1o de edad con el respectivo refuerzo de los 5 a\u00f1os, esto siguiendo lineamiento del Ministerio de Salud, que ha incluido este biol\u00f3gico en el Programa Ampliado de inmunizaciones- PAI.<\/span><\/p>\n<p>Los padres o responsables de los menores, pueden acudir a cualquiera de los 153 puntos\u00a0 autorizados del municipio y llevar el carn\u00e9 de vacunaci\u00f3n. Es importante entender, que los menores que nacieron a partir del 1 de julio del 2014 ser\u00e1n beneficiados por la vacuna\u00a0 y ya no tendr\u00e1n que pagar por este biol\u00f3gico.<\/p>\n<p>Con esta estrategia, se busca garantizar el control de brotes en la poblaci\u00f3n de 1 a 4 a\u00f1os, as\u00ed como en grupos familiares, y prevenir el ausentismo escolar que se deriva de la enfermedad.<\/p>\n<p>En el a\u00f1o 2014, se reportaron al \u00e1rea de Vigilancia Epidemiol\u00f3gica de la Secretar\u00eda de Salud P\u00fablica Municipal de la ciudad 5.001 casos de varicela y en lo que va corrido de este a\u00f1o, se han reportado 1.808 casos.<\/p>\n<p>Seg\u00fan el Ministerio de Salud, los an\u00e1lisis estiman que en los pr\u00f3ximos treinta a\u00f1os se evitar\u00e1n 1.144 muertes por varicela, m\u00e1s de 17.000 hospitalizaciones, 22 millones de casos y m\u00e1s de 9 millones de consultas gracias a esta inversi\u00f3n del Gobierno nacional.<\/p>\n<p>Fuente: Comunicaciones Secretar\u00eda de Salud P\u00fablica<\/p>\n","protected":false},"excerpt":{"rendered":"<p>La Secretar\u00eda de Salud P\u00fablica Municipal,\u00a0 informa que todas las ESE y las IPS del Municipio, aplicar\u00e1n gratuitamente la vacuna de Varicela a todos los ni\u00f1os de 1 a\u00f1o de edad con el respectivo refuerzo de los 5 a\u00f1os, esto siguiendo lineamiento del Ministerio de Salud, que ha incluido este[&#8230;]<\/p>\n","protected":false},"author":1,"featured_media":4976,"comment_status":"open","ping_status":"open","sticky":false,"template":"","format":"standard","meta":{"footnotes":""},"categories":[4],"tags":[],"_links":{"self":[{"href":"https:\/\/emisora.univalle.edu.co\/index.php\/wp-json\/wp\/v2\/posts\/4993"}],"collection":[{"href":"https:\/\/emisora.univalle.edu.co\/index.php\/wp-json\/wp\/v2\/posts"}],"about":[{"href":"https:\/\/emisora.univalle.edu.co\/index.php\/wp-json\/wp\/v2\/types\/post"}],"author":[{"embeddable":true,"href":"https:\/\/emisora.univalle.edu.co\/index.php\/wp-json\/wp\/v2\/users\/1"}],"replies":[{"embeddable":true,"href":"https:\/\/emisora.univalle.edu.co\/index.php\/wp-json\/wp\/v2\/comments?post=4993"}],"version-history":[{"count":1,"href":"https:\/\/emisora.univalle.edu.co\/index.php\/wp-json\/wp\/v2\/posts\/4993\/revisions"}],"predecessor-version":[{"id":4994,"href":"https:\/\/emisora.univalle.edu.co\/index.php\/wp-json\/wp\/v2\/posts\/4993\/revisions\/4994"}],"wp:featuredmedia":[{"embeddable":true,"href":"https:\/\/emisora.univalle.edu.co\/index.php\/wp-json\/wp\/v2\/media\/4976"}],"wp:attachment":[{"href":"https:\/\/emisora.univalle.edu.co\/index.php\/wp-json\/wp\/v2\/media?parent=4993"}],"wp:term":[{"taxonomy":"category","embeddable":true,"href":"https:\/\/emisora.univalle.edu.co\/index.php\/wp-json\/wp\/v2\/categories?post=4993"},{"taxonomy":"post_tag","embeddable":true,"href":"https:\/\/emisora.univalle.edu.co\/index.php\/wp-json\/wp\/v2\/tags?post=4993"}],"curies":[{"name":"wp","href":"https:\/\/api.w.org\/{rel}","templated":true}]}}