{"id":4995,"date":"2015-07-01T14:29:31","date_gmt":"2015-07-01T19:29:31","guid":{"rendered":"https:\/\/emisora.univalle.edu.co\/\/?p=4995"},"modified":"2015-07-01T14:29:31","modified_gmt":"2015-07-01T19:29:31","slug":"valle-del-cauca-muestra-su-oferta-exportadora-y-su-potencial-para-inversion-en-expo-milan-2015","status":"publish","type":"post","link":"https:\/\/emisora.univalle.edu.co\/index.php\/valle-del-cauca-muestra-su-oferta-exportadora-y-su-potencial-para-inversion-en-expo-milan-2015\/","title":{"rendered":"Valle del Cauca muestra su Oferta Exportadora y su potencial para inversi\u00f3n en Expo Mil\u00e1n 2015"},"content":{"rendered":"<p><span style=\"line-height: 1.5em;\">El gobernador del Valle del Cauca, Ubeimar Delgado y el secretario de Agricultura, John William Alba, presentaron en el Pabell\u00f3n Colombia la oferta hortofrut\u00edcola del departamento con \u00e9nfasis en los productos con mayor potencial exportador hacia el mercado europeo como la papaya, maracuy\u00e1, lulo, pi\u00f1a y aguacate hass, y los licores producidos por la Industria Licorera del Valle, de gran proyecci\u00f3n internacional, como el aguardiente y el ron Marqu\u00e9s.<\/span><br \/>\nAnte una audiencia de empresarios italianos, el gobernador destac\u00f3 que en el Valle del Cauca se pueden encontrar cuatro de los cinco pisos t\u00e9rmicos del pa\u00eds, lo que le permite planificar las siembras, ya que no hay estaciones que condicionen las cosechas a cierto periodo del a\u00f1o.<\/p>\n<p>\u201cEl Valle del Cauca ha tenido en Expo Mil\u00e1n 2015 con el objetivo de identificar potenciales socios comerciales, especialmente en el sector hortofrut\u00edcola, as\u00ed como abrirse nuevos mercados y darse a conocer a nivel internacional como un importante actor del sector agroalimenticio\u201d, expres\u00f3 el gobernador Delgado.<\/p>\n<p>\u201cNuestro departamento se encuentra en una regi\u00f3n donde se pueden encontrar un gran n\u00famero de frutas y hortalizas. Adem\u00e1s, cuenta con r\u00edos, lagos y oc\u00e9ano, que la convierten en una potencia h\u00eddrica y una importante ruta mercante para el comercio con el Pac\u00edfico, gracias al puerto de Buenaventura, el m\u00e1s importante del pa\u00eds\u201d declar\u00f3.<\/p>\n<p>La Gobernaci\u00f3n del Valle en Expo Mil\u00e1n 2015 ha desarrollado una agenda que adem\u00e1s de promover la oferta agr\u00edcola y el potencial de inversi\u00f3n del departamento, busca oportunidades de transferencia de conocimiento y tecnolog\u00eda para optimizar y mejorar la industria del Departamento.<\/p>\n<p>\u201cQueremos mostrar al mundo que El Valle del Cauca hace parte de una Colombia din\u00e1mica, tal y como ha sido nuestra participaci\u00f3n en una feria tan importante como Expo Mil\u00e1n. Hemos sostenido reuniones con empresarios interesados en invertir en nuestros productos y en conocer m\u00e1s acerca de nuestra oferta exportable\u201d, dijo el Secretario de Agricultura, John William Alba.<\/p>\n<p>La agenda tambi\u00e9n incluy\u00f3 una importante muestra del folclor del Pac\u00edfico Colombiano. Con el apoyo del Ministerio de Cultura, la banda colombiana Herencia de Timbiqu\u00ed present\u00f3 en Expo Mil\u00e1n su repertorio que fusion\u00f3 la marimba de chonta y otros instrumentos aut\u00f3ctonos del Pac\u00edfico colombiano, con el funk, jazz y sonidos urbanos ante un p\u00fablico de m\u00e1s de mil personas.<\/p>\n<p>Colombia presente en Expo Mil\u00e1n con un pabell\u00f3n de casi 2000 metros cuadrados, que presenta las diferentes regiones del pa\u00eds, su variada producci\u00f3n agroalimentaria y su oferta comercial e industrial. ProColombia gestiona esta participaci\u00f3n, siguiendo los lineamientos de una Comisi\u00f3n Intersectorial conformada por Presidencia de la Rep\u00fablica, el Departamento Nacional de Planeaci\u00f3n y los ministerios de Comercio, Industria y Turismo, Hacienda, Relaciones Exteriores y Agricultura. Varias Gobernaciones hacen parte de este proyecto, aprovechando esta plataforma para posicionarse con su oferta comercial, tur\u00edstica y de inversi\u00f3n en el mercado europeo.<\/p>\n<p><b>Fuente: Comunicaciones Gobernaci\u00f3n<\/b><\/p>\n","protected":false},"excerpt":{"rendered":"<p>El gobernador del Valle del Cauca, Ubeimar Delgado y el secretario de Agricultura, John William Alba, presentaron en el Pabell\u00f3n Colombia la oferta hortofrut\u00edcola del departamento con \u00e9nfasis en los productos con mayor potencial exportador hacia el mercado europeo como la papaya, maracuy\u00e1, lulo, pi\u00f1a y aguacate hass, y los[&#8230;]<\/p>\n","protected":false},"author":1,"featured_media":4975,"comment_status":"open","ping_status":"open","sticky":false,"template":"","format":"standard","meta":{"footnotes":""},"categories":[4],"tags":[],"_links":{"self":[{"href":"https:\/\/emisora.univalle.edu.co\/index.php\/wp-json\/wp\/v2\/posts\/4995"}],"collection":[{"href":"https:\/\/emisora.univalle.edu.co\/index.php\/wp-json\/wp\/v2\/posts"}],"about":[{"href":"https:\/\/emisora.univalle.edu.co\/index.php\/wp-json\/wp\/v2\/types\/post"}],"author":[{"embeddable":true,"href":"https:\/\/emisora.univalle.edu.co\/index.php\/wp-json\/wp\/v2\/users\/1"}],"replies":[{"embeddable":true,"href":"https:\/\/emisora.univalle.edu.co\/index.php\/wp-json\/wp\/v2\/comments?post=4995"}],"version-history":[{"count":1,"href":"https:\/\/emisora.univalle.edu.co\/index.php\/wp-json\/wp\/v2\/posts\/4995\/revisions"}],"predecessor-version":[{"id":4996,"href":"https:\/\/emisora.univalle.edu.co\/index.php\/wp-json\/wp\/v2\/posts\/4995\/revisions\/4996"}],"wp:featuredmedia":[{"embeddable":true,"href":"https:\/\/emisora.univalle.edu.co\/index.php\/wp-json\/wp\/v2\/media\/4975"}],"wp:attachment":[{"href":"https:\/\/emisora.univalle.edu.co\/index.php\/wp-json\/wp\/v2\/media?parent=4995"}],"wp:term":[{"taxonomy":"category","embeddable":true,"href":"https:\/\/emisora.univalle.edu.co\/index.php\/wp-json\/wp\/v2\/categories?post=4995"},{"taxonomy":"post_tag","embeddable":true,"href":"https:\/\/emisora.univalle.edu.co\/index.php\/wp-json\/wp\/v2\/tags?post=4995"}],"curies":[{"name":"wp","href":"https:\/\/api.w.org\/{rel}","templated":true}]}}