{"id":5000,"date":"2015-07-01T14:33:29","date_gmt":"2015-07-01T19:33:29","guid":{"rendered":"https:\/\/emisora.univalle.edu.co\/\/?p=5000"},"modified":"2015-07-01T14:33:29","modified_gmt":"2015-07-01T19:33:29","slug":"parteras-del-pacifico-se-encontraran-buenaventura","status":"publish","type":"post","link":"https:\/\/emisora.univalle.edu.co\/index.php\/parteras-del-pacifico-se-encontraran-buenaventura\/","title":{"rendered":"Parteras del Pac\u00edfico se encontrar\u00e1n Buenaventura"},"content":{"rendered":"<p>Del 2 al 4 de julio se har\u00e1 en Buenaventura el 10\u00b0 Encuentro Internacional de Parteras Tradicionales, \u2018Inspiraci\u00f3n femenina del Pac\u00edfico\u2019, un espacio para intercambiar experiencias y saberes que aporten al conocimiento y protecci\u00f3n de la parter\u00eda.<\/p>\n<p>Bajo el lema \u2018Inspiraci\u00f3n femenina del Pac\u00edfico\u2019 se lleva a cabo en Buenaventura el 10\u00b0 Encuentro Internacional de Parteras, con la participaci\u00f3n de las parteras Makeda Kamara de Panam\u00e1 y Florence Marie Sarr de Senegal y de aproximadamente 250 sabedoras ancestrales de regiones del Choc\u00f3, Cauca y Nari\u00f1o que vienen trabajando de la mano de Asoparupa, en la conservaci\u00f3n del acervo cultural de la Partera tradicional. El evento se realizar\u00e1 desde las 9:00 a.m. en la DIMAR, Hotel Cosmos y la Escuela Taller de Buenaventura.<\/p>\n<p>Rituales sagrados, conferencias internacionales y nacionales y presentaci\u00f3n de grupos musicales ser\u00e1n algunas de las actividades que se realizaran en este Encuentro donde se busca crear espacios de di\u00e1logo en torno a los saberes asociados a la parter\u00eda afro de Buenaventura, as\u00ed como generar acuerdos que orientar\u00e1n a la finalizaci\u00f3n del Plan Especial de Salvaguardia (PES) de la manifestaci\u00f3n que se encuentra en proceso de ser incluida en la Lista Representativa de Patrimonio Inmaterial de la Naci\u00f3n.<\/p>\n<p>A trav\u00e9s de los diferentes espacios de di\u00e1logo, conferencias, mesas, grupos de trabajo y actividades culturales que se desarrollar\u00e1n en el Encuentro, se busca fortalecer los acuerdos sociales que ser\u00e1n la base para la formulaci\u00f3n final del PES y generar iniciativas para el desarrollo cultural de Buenaventura.<\/p>\n<p>El 10\u00b0 Encuentro Internacional de Parteras Tradicionales, \u2018Inspiraci\u00f3n femenina del Pac\u00edfico\u2019, es un evento organizado por ASOPARUPA, Asociaci\u00f3n de Parteras Unidas del Pac\u00edfico y el Ministerio de Cultura, con el apoyo de la UNESCO; el Ministerio de Relaciones Exteriores de Colombia; Agencia Presidencial de Cooperaci\u00f3n Internacional de Colombia; Fundaci\u00f3n \u00c9xito; Caf\u00e9 Pac\u00edfico; el Hotel Cosmos Pac\u00edfico; la DIMAR y la Escuela Taller de Buenaventura.<\/p>\n<p>Desde el 2011, Asoparupa, Asociaci\u00f3n de Parteras Unidas del Pac\u00edfico, con el acompa\u00f1amiento de la Direcci\u00f3n de Patrimonio del Ministerio de Cultura vienen trabajando en la formulaci\u00f3n del Plan Especial de Salvaguardia (PES) de los Saberes asociados a la parter\u00eda afro en Buenaventura, considerando la importancia y el valor que tiene esta pr\u00e1ctica para las comunidades afro, especialmente en las zonas rurales. Con este Plan se busca su inclusi\u00f3n en la Lista de patrimonio inmaterial de la naci\u00f3n.<\/p>\n<p><strong>Parter\u00eda, una labor que a\u00fan se mantiene<\/strong><\/p>\n<p>Los saberes asociados a la parter\u00eda comprenden todos los conocimientos que garantizan el acompa\u00f1amiento a las mujeres y sus familias en el proceso que implica la llegada de un nuevo ser humano a este mundo.<\/p>\n<p>Este proceso comienza con los adecuados cuidados del cuerpo femenino, incluso desde su primera menstruaci\u00f3n, y esto se relaciona con el conocimiento sobre el manejo de los ciclos del cuerpo de la mujer, potenciando, o bien la fertilidad o bien su control.<\/p>\n<p>Una vez se alcanza el estado de embarazo, el acompa\u00f1amiento busca asegurar el camino, brindado todo el apoyo f\u00edsico, espiritual, emocional tanto a la madre como al beb\u00e9 durante el periodo de gestaci\u00f3n, previniendo las amenazas y peligros.<\/p>\n<p>En la fase del alumbramiento las parteras ponen al servicio de la madre y la nueva vida en camino, todo un saber femenino acumulado durante miles de a\u00f1os, para garantizar que la madre y el beb\u00e9 no corran riesgos graves.<\/p>\n<p>Durante la fase del puerperio, el saber de las parteas est\u00e1 dirigido a brindar fortaleza y asistencia a la madre en la lactancia, el cuidado del beb\u00e9, as\u00ed como el de ella misma. Una vez han pasado estas fases que son las m\u00e1s delicadas y las de mayor atenci\u00f3n, el acompa\u00f1amiento es m\u00e1s puntual, pero garantizando que se mantenga siempre un v\u00ednculo creado tanto con la madre como con el nuevo ser.<\/p>\n<p>La salvaguardia alrededor de estos saberes busca custodiar toda esta serie de t\u00e9cnicas, cuidados, conocimientos que se expresan en la bot\u00e1nica, los masajes, el conocimiento sobre el cuerpo, as\u00ed como en la emocionalidad y espiritualidad femenina y la del beb\u00e9. Pero tambi\u00e9n tiene que ver con el entorno familiar y social.<\/p>\n<p>La pr\u00e1ctica de la parter\u00eda se renueva mediante la transmisi\u00f3n intergeneracional de los conocimientos, especialmente entre mujeres. Existen muy pocos compadrones, por razones obvias. Las portadoras de los conocimientos son personajes que han cumplido un papel esencial en la vida de las comunidades, sirviendo no solo como intermediarias de la vida, del alumbramiento, sino tambi\u00e9n como agentes de salud integrales, como curanderas y tambi\u00e9n como consejeras de salud y de familia. Su trabajo se ha realizado de manera importante en las comunidades rurales, pero en los centro urbanos han sido marginalizadas e incluso despreciados sus saberes por parte del sistema de salud oficial.<\/p>\n<p>Ministerio de Cultura<\/p>\n<p>Oficina Divulgaci\u00f3n y Prensa<\/p>\n<p>Camilo Garc\u00eda Poveda<\/p>\n<p>Cel 3153623116<\/p>\n<p><a href=\"mailto:cgarcia@mincultura.gov.co\">cgarcia@mincultura.gov.co<\/a><\/p>\n<p><b>Fuente: Comunicaciones MinCultura.<\/b><\/p>\n","protected":false},"excerpt":{"rendered":"<p>Del 2 al 4 de julio se har\u00e1 en Buenaventura el 10\u00b0 Encuentro Internacional de Parteras Tradicionales, \u2018Inspiraci\u00f3n femenina del Pac\u00edfico\u2019, un espacio para intercambiar experiencias y saberes que aporten al conocimiento y protecci\u00f3n de la parter\u00eda. Bajo el lema \u2018Inspiraci\u00f3n femenina del Pac\u00edfico\u2019 se lleva a cabo en Buenaventura[&#8230;]<\/p>\n","protected":false},"author":1,"featured_media":5001,"comment_status":"open","ping_status":"open","sticky":false,"template":"","format":"standard","meta":{"footnotes":""},"categories":[4],"tags":[],"_links":{"self":[{"href":"https:\/\/emisora.univalle.edu.co\/index.php\/wp-json\/wp\/v2\/posts\/5000"}],"collection":[{"href":"https:\/\/emisora.univalle.edu.co\/index.php\/wp-json\/wp\/v2\/posts"}],"about":[{"href":"https:\/\/emisora.univalle.edu.co\/index.php\/wp-json\/wp\/v2\/types\/post"}],"author":[{"embeddable":true,"href":"https:\/\/emisora.univalle.edu.co\/index.php\/wp-json\/wp\/v2\/users\/1"}],"replies":[{"embeddable":true,"href":"https:\/\/emisora.univalle.edu.co\/index.php\/wp-json\/wp\/v2\/comments?post=5000"}],"version-history":[{"count":1,"href":"https:\/\/emisora.univalle.edu.co\/index.php\/wp-json\/wp\/v2\/posts\/5000\/revisions"}],"predecessor-version":[{"id":5002,"href":"https:\/\/emisora.univalle.edu.co\/index.php\/wp-json\/wp\/v2\/posts\/5000\/revisions\/5002"}],"wp:featuredmedia":[{"embeddable":true,"href":"https:\/\/emisora.univalle.edu.co\/index.php\/wp-json\/wp\/v2\/media\/5001"}],"wp:attachment":[{"href":"https:\/\/emisora.univalle.edu.co\/index.php\/wp-json\/wp\/v2\/media?parent=5000"}],"wp:term":[{"taxonomy":"category","embeddable":true,"href":"https:\/\/emisora.univalle.edu.co\/index.php\/wp-json\/wp\/v2\/categories?post=5000"},{"taxonomy":"post_tag","embeddable":true,"href":"https:\/\/emisora.univalle.edu.co\/index.php\/wp-json\/wp\/v2\/tags?post=5000"}],"curies":[{"name":"wp","href":"https:\/\/api.w.org\/{rel}","templated":true}]}}