{"id":5003,"date":"2015-07-01T14:40:38","date_gmt":"2015-07-01T19:40:38","guid":{"rendered":"https:\/\/emisora.univalle.edu.co\/\/?p=5003"},"modified":"2015-07-01T14:40:38","modified_gmt":"2015-07-01T19:40:38","slug":"gobierno-lanza-nueva-herramienta-para-maestros-y-padres-de-familia","status":"publish","type":"post","link":"https:\/\/emisora.univalle.edu.co\/index.php\/gobierno-lanza-nueva-herramienta-para-maestros-y-padres-de-familia\/","title":{"rendered":"Gobierno lanza nueva herramienta para maestros y padres de familia"},"content":{"rendered":"<p><span style=\"line-height: 1.5em;\">El presidente Juan Manuel Santos, junto a la Ministra de Educaci\u00f3n, Gina Parody, presentaron este martes al pa\u00eds los Derechos B\u00e1sicos de Aprendizaje &#8211; DBA, una herramienta que le permitir\u00e1 a las familias, colegios y educadores de Colombia conocer qu\u00e9 es lo b\u00e1sico que un ni\u00f1o debe saber en matem\u00e1ticas y en lenguaje en cada grado, desde primero hasta 11.<\/span><\/p>\n<p>Seg\u00fan el Primer Mandatario, los DBA fueron construidos por especialistas del Ministerio de Educaci\u00f3n, las mejores universidades del pa\u00eds y maestros de diferentes regiones, quienes se reunieron para identificar cu\u00e1les son los conocimientos b\u00e1sicos a los que deben acceder ni\u00f1os, ni\u00f1as y j\u00f3venes de acuerdo al grado escolar que cursan.<\/p>\n<p>De acuerdo con la Ministra Gina Parody \u00abesta gu\u00eda es la continuidad de los Est\u00e1ndares B\u00e1sicos de Competencias, creados en el 2002 como respuesta a la dif\u00edcil pregunta que se hizo el pa\u00eds, sobre qu\u00e9 deb\u00edan aprender los estudiantes. Con esto avanzamos a un segundo paso con el que\u00a0 buscamos aterrizar en un lenguaje m\u00e1s pr\u00e1ctico dichos Est\u00e1ndares. Esta herramienta ser\u00e1 \u00fatil tanto para los maestros en el aula de clase, como para los padres de familia\u00bb.<\/p>\n<p>De esta manera, el Ministerio de Educaci\u00f3n presenta a la comunidad educativa los Derechos B\u00e1sicos de Aprendizaje-DBA, quienes tendr\u00e1n a la mano una herramienta que les permite conocer qu\u00e9 debe saber un ni\u00f1o de acuerdo al a\u00f1o escolar que est\u00e9 cursando.\u00a0 \u00abPor ejemplo, los padres de familia sabr\u00e1n que en primero de primaria los estudiantes deben poder utilizar los meses del a\u00f1o y los d\u00edas de la semana para hablar del tiempo; o que en cuarto ya deben poder sumar fracciones con el mismo denominador; y en s\u00e9ptimo saber la diferencia entre una opini\u00f3n y algo que pas\u00f3\u00bb, indic\u00f3 Gina Parody.<\/p>\n<p>La Jefe de la Cartera Educativa, tambi\u00e9n explic\u00f3 que \u00abeste trabajo apenas comienza, iniciamos con matem\u00e1ticas y lenguaje, que son los pilares b\u00e1sicos de las dem\u00e1s \u00e1reas del saber y continuaremos construyendo los Derechos B\u00e1sicos de Aprendizaje para las otras \u00e1reas del conocimiento\u00bb.<\/p>\n<p><strong>Los DBA se convierten en una herramienta clave:<\/strong><\/p>\n<ul>\n<li>Para los maestros, los DBA ser\u00e1n un instrumento de trabajo que fortalecer\u00e1 y enriquecer\u00e1 la pr\u00e1ctica en el aula.<\/li>\n<li>Para los colegios de Colombia, ser\u00e1 una herramienta que les permitir\u00e1 dise\u00f1ar sus planes de estudio.<\/li>\n<li>Y, finalmente para los estudiantes, les permitir\u00e1 saber lo que deben aprender en el grado escolar que cursan.<\/li>\n<\/ul>\n<p>Se espera que esta herramienta contribuya a mejorar los est\u00e1ndares de calidad de la educaci\u00f3n, puesto que desde hoy los padres de familia, cuando se sienten a hacer tareas con sus hijos, podr\u00e1n tener la referencia de qu\u00e9 es lo que est\u00e1n aprendiendo en el colegio y as\u00ed saber en qu\u00e9 deben ayudarles.<\/p>\n<p>Gina Parody reiter\u00f3 que \u00abesto, junto al trabajo de los docentes del pa\u00eds, permitir\u00e1 cambiar algunos resultados. Por ejemplo, seg\u00fan las Pruebas Saber de 2014, casi el 50% de nuestros estudiantes de 3\u00ba de primaria se encuentran en los niveles m\u00ednimo e insuficiente en lenguaje y matem\u00e1ticas, un n\u00famero que crece a medida que aumentan los a\u00f1os de escolaridad. En 9\u00ba el 73% est\u00e1n en los dos niveles m\u00e1s bajos para matem\u00e1ticas\u00bb.<\/p>\n<p>La primera versi\u00f3n de los Derechos B\u00e1sicos de Aprendizaje, podr\u00e1n ser consultados por los colombianos a trav\u00e9s de este enlace:\u00a0<a href=\"http:\/\/www.colombiaaprende.edu.co\/html\/micrositios\/1752\/w3-article-349446.html\"><strong>http:\/\/www.colombiaaprende.edu.co\/html\/micrositios\/1752\/w3-article-349446.html<\/strong><\/a>.<\/p>\n<p><b>Fuente: Comunicaciones MinEducaci\u00f3n.<\/b><\/p>\n","protected":false},"excerpt":{"rendered":"<p>El presidente Juan Manuel Santos, junto a la Ministra de Educaci\u00f3n, Gina Parody, presentaron este martes al pa\u00eds los Derechos B\u00e1sicos de Aprendizaje &#8211; DBA, una herramienta que le permitir\u00e1 a las familias, colegios y educadores de Colombia conocer qu\u00e9 es lo b\u00e1sico que un ni\u00f1o debe saber en matem\u00e1ticas[&#8230;]<\/p>\n","protected":false},"author":1,"featured_media":4980,"comment_status":"open","ping_status":"open","sticky":false,"template":"","format":"standard","meta":{"footnotes":""},"categories":[4],"tags":[],"_links":{"self":[{"href":"https:\/\/emisora.univalle.edu.co\/index.php\/wp-json\/wp\/v2\/posts\/5003"}],"collection":[{"href":"https:\/\/emisora.univalle.edu.co\/index.php\/wp-json\/wp\/v2\/posts"}],"about":[{"href":"https:\/\/emisora.univalle.edu.co\/index.php\/wp-json\/wp\/v2\/types\/post"}],"author":[{"embeddable":true,"href":"https:\/\/emisora.univalle.edu.co\/index.php\/wp-json\/wp\/v2\/users\/1"}],"replies":[{"embeddable":true,"href":"https:\/\/emisora.univalle.edu.co\/index.php\/wp-json\/wp\/v2\/comments?post=5003"}],"version-history":[{"count":1,"href":"https:\/\/emisora.univalle.edu.co\/index.php\/wp-json\/wp\/v2\/posts\/5003\/revisions"}],"predecessor-version":[{"id":5004,"href":"https:\/\/emisora.univalle.edu.co\/index.php\/wp-json\/wp\/v2\/posts\/5003\/revisions\/5004"}],"wp:featuredmedia":[{"embeddable":true,"href":"https:\/\/emisora.univalle.edu.co\/index.php\/wp-json\/wp\/v2\/media\/4980"}],"wp:attachment":[{"href":"https:\/\/emisora.univalle.edu.co\/index.php\/wp-json\/wp\/v2\/media?parent=5003"}],"wp:term":[{"taxonomy":"category","embeddable":true,"href":"https:\/\/emisora.univalle.edu.co\/index.php\/wp-json\/wp\/v2\/categories?post=5003"},{"taxonomy":"post_tag","embeddable":true,"href":"https:\/\/emisora.univalle.edu.co\/index.php\/wp-json\/wp\/v2\/tags?post=5003"}],"curies":[{"name":"wp","href":"https:\/\/api.w.org\/{rel}","templated":true}]}}