{"id":5010,"date":"2015-07-01T14:47:28","date_gmt":"2015-07-01T19:47:28","guid":{"rendered":"https:\/\/emisora.univalle.edu.co\/\/?p=5010"},"modified":"2015-07-01T14:47:28","modified_gmt":"2015-07-01T19:47:28","slug":"mincultura-le-apuesta-la-circulacion-del-sector-musical-del-pais","status":"publish","type":"post","link":"https:\/\/emisora.univalle.edu.co\/index.php\/mincultura-le-apuesta-la-circulacion-del-sector-musical-del-pais\/","title":{"rendered":"MinCultura le apuesta a la circulaci\u00f3n del sector musical del pa\u00eds"},"content":{"rendered":"<p><b style=\"font-size: 1em; line-height: 1.5em;\">\u00a0<\/b><span style=\"font-size: 1em; line-height: 1.5em;\">A Italia, Espa\u00f1a y diversos lugares de Colombia est\u00e1n viajando el grupo de m\u00fasicos colombianos ganadores de la Convocatoria de Est\u00edmulos 2015, del Ministerio de Cultura, el cual \u00a0busca incentivar y fortalecer el sector musical del pa\u00eds con una inversi\u00f3n de $1.380 millones en total.\u00a0<\/span><\/p>\n<p>La convocatoria est\u00e1 \u00a0distribuida en 180 est\u00edmulos, para beneficiar investigadores, artistas y grupos musicales por medio de 27 convocatorias como becas de investigaci\u00f3n, circulaci\u00f3n, pasant\u00edas internacionales, residencias y diferentes reconocimientos a nivel nacional.<\/p>\n<p>Este a\u00f1o se otorgaron dos pasant\u00edas de una semana para la participaci\u00f3n activa en el curso de perfeccionamiento musical en la ciudad de Spilimbergo, Italia. \u00a0Dicho est\u00edmulo, enfocado en la formaci\u00f3n de directores de banda colombianos, es posible gracias al acuerdo firmado entre el MinCultura y el Istituto Musicale Guido Alberto Fano.<\/p>\n<p>De acuerdo con la resoluci\u00f3n 1517, la cual se acoge a la recomendaci\u00f3n del Istituto Musicale Guido Alberto Fano, los ganadores de esta convocatoria son:<\/p>\n<p>\u2022\u00a0\u00a0\u00a0\u00a0\u00a0\u00a0\u00a0\u00a0\u00a0\u00a0 Hugo Andr\u00e9s Ria\u00f1o \u00c1ngel<\/p>\n<p>\u2022\u00a0\u00a0\u00a0\u00a0\u00a0\u00a0\u00a0\u00a0\u00a0\u00a0 Rubi\u00e1n Yamith Zuluaga L\u00f3pez<\/p>\n<p>\u201cCualquier experiencia de aprendizaje es importante para nuestro desarrollo profesional y cualquiera que sea fuera del pa\u00eds brinda elementos que uno no alcanza a tener en su propio entorno. Mis expectativas son poder absorber todo lo que nos puedan dar estos maestros y luego traer esta informaci\u00f3n a Colombia. Desde hace un tiempo estoy dedicado a la docencia de la direcci\u00f3n y es una plataforma bastante importante para compartir aprendizajes. Sabemos que la carrera de la m\u00fasica en el pa\u00eds es una cenicienta pero a trav\u00e9s de estos est\u00edmulos se genera movimiento, y mucho de lo que aportan es dignificar la carrera y la profesi\u00f3n\u201d, expres\u00f3 Hugo Ria\u00f1o, uno de los ganadores en esta categor\u00eda, quien lleva m\u00e1s de 10 a\u00f1os dedicado a la direcci\u00f3n sinf\u00f3nica, y por primera vez se presenta a los Est\u00edmulos de MinCultura.<\/p>\n<p>Los ganadores reciben cubrimiento de los gastos de transporte internacional, alimentaci\u00f3n, hospedaje y asistencia al curso.<\/p>\n<p><strong>Para j\u00f3venes talentos<\/strong><\/p>\n<p>Dentro de las pasant\u00edas internacionales, tambi\u00e9n se encuentran las dirigidas a j\u00f3venes instrumentistas colombianos int\u00e9rpretes de percusi\u00f3n, maderas o metales de m\u00e1ximo 28 a\u00f1os para participar en la Joven Banda Sinf\u00f3nica de la Federaci\u00f3n de Sociedades Musicales de la Comunidad Valenciana (FSMCV).<\/p>\n<p>Seg\u00fan la resoluci\u00f3n 1518, la cual se acoge a la recomendaci\u00f3n de la Federaci\u00f3n mencionada anteriormente, los dos ganadores son:<\/p>\n<p>\u2022\u00a0\u00a0\u00a0\u00a0\u00a0\u00a0\u00a0\u00a0\u00a0\u00a0 Juan Sebasti\u00e1n Cort\u00e9s Rubio<\/p>\n<p>\u2022\u00a0\u00a0\u00a0\u00a0\u00a0\u00a0\u00a0\u00a0\u00a0\u00a0 \u00d3scar Eduardo Plaza Rojas<\/p>\n<p>Esta convocatoria que busca estimular y contribuir a la cualificaci\u00f3n de m\u00fasicos del pa\u00eds a trav\u00e9s de una pasant\u00eda en Espa\u00f1a de hasta 10 d\u00edas bajo el Convenio de Colaboraci\u00f3n firmado entre la Federaci\u00f3n de Sociedades Musicales de la Comunidad Valenciana y el Ministerio de Cultura.<\/p>\n<p><strong>Circulando por Colombia<\/strong><\/p>\n<p>Por otro lado, en el marco del Plan Nacional de M\u00fasica para la Convivencia, el Ministerio de Cultura promueve la apertura de canales de movilidad y circulaci\u00f3n para solistas y agrupaciones musicales a trav\u00e9s de las Becas de circulaci\u00f3n nacional de solistas y agrupaciones musicales.<\/p>\n<p>Las becas para el primer ciclo aplican \u00fanicamente para eventos que se desarrollen entre el 5 de abril y el 31 de julio de 2015. El jurado estuvo conformado por Eduardo Carrizosa Navarro, Jos\u00e9 Eduardo Vidal O\u00f1ate y Mar\u00eda Patricia Mar\u00edn Arango. De acuerdo con la resoluci\u00f3n 751, el veredicto fue el siguiente:<\/p>\n<p>\u2022\u00a0\u00a0\u00a0\u00a0\u00a0\u00a0\u00a0\u00a0\u00a0\u00a0 Fundaci\u00f3n Estudiantina Colombia &#8211; La estudiantina colombiana en homenaje a Emilio Murillo.<\/p>\n<p>\u2022\u00a0\u00a0\u00a0\u00a0\u00a0\u00a0\u00a0\u00a0\u00a0\u00a0 Dueto Primavera &#8211; Ciclo de conciertos de dueto primavera en el Festival \u2018Mono N\u00fa\u00f1ez\u2019<\/p>\n<p>\u2022\u00a0\u00a0\u00a0\u00a0\u00a0\u00a0\u00a0\u00a0\u00a0\u00a0 Superlitio S.A.S &#8211; Gira Nacional de Teatros &#8211; Superlitio 2015<\/p>\n<p>\u2022\u00a0\u00a0\u00a0\u00a0\u00a0\u00a0\u00a0\u00a0\u00a0\u00a0 Sept\u00f3fono &#8211; Sept\u00f3fono 10 a\u00f1os<\/p>\n<p>\u2022\u00a0\u00a0\u00a0\u00a0\u00a0\u00a0\u00a0\u00a0\u00a0\u00a0 Tr\u00edo Instrumental de Bachu\u00e9 &#8211; La importancia del tr\u00edo instrumental en la academia<\/p>\n<p>\u2022\u00a0\u00a0\u00a0\u00a0\u00a0\u00a0\u00a0\u00a0\u00a0\u00a0 Bambarabanda &#8211; Bambarabanda, un poco del sur de Colombia para Bogot\u00e1!<\/p>\n<p>El objetivo de esta convocatoria es fomentar la participaci\u00f3n en festivales, mercados, giras \u00a0actuaciones nacionales, con el fin de promover la visibilidad, el intercambio y la integraci\u00f3n de los procesos musicales.<\/p>\n<p>El grupo folcl\u00f3rico Sept\u00f3fono, proveniente de Bucaramanga, seleccionado como uno de los ganadores en esta categor\u00eda, \u00a0tuvo la oportunidad de participar en el Festival \u2018Mono N\u00fa\u00f1ez\u2019 2015 a trav\u00e9s de los Est\u00edmulos del Ministerio de Cultura:<\/p>\n<p>\u201cQuer\u00edamos ir como invitados al \u2018Mono N\u00fa\u00f1ez\u2019 y nos enteramos de la convocatoria de circulaci\u00f3n nacional. Es la primera vez que nos presentamos a los Est\u00edmulos y estamos muy contentos con el resultado. Es importante porque esto nos demuestra que son viables las ayudas a trav\u00e9s del Ministerio, que est\u00e1n las oportunidades para los artistas; es cuesti\u00f3n de concretar un proyecto y trabajar en ello. La experiencia en el evento fue muy ch\u00e9vere. Fue regresar a Ginebra (Valle del Cauca) despu\u00e9s de haber sido ganadores hace 10 a\u00f1os. El Festival nos recibi\u00f3 con los brazos abiertos. Fue interesante encontrar j\u00f3venes que est\u00e1n descubrimiento la m\u00fasica colombiana como una opci\u00f3n para identificarse\u201d, manifest\u00f3 Rafael Eduardo Villamizar Suesc\u00fan, integrante de esta agrupaci\u00f3n que se caracteriza por su innovaci\u00f3n y mezcla de sonidos tradicionales.<\/p>\n<p><strong>M\u00e1s informaci\u00f3n<\/strong><\/p>\n<p>Direcci\u00f3n de Artes<\/p>\n<p>Grupo de M\u00fasica<\/p>\n<p>Ministerio de Cultura (Ministry of Culture)<\/p>\n<p>Tel\u00e9fono (57 1) 3424100<\/p>\n<p>plannacionaldemusica@mincultura.gov.co<\/p>\n<p><b>Fuente: Comunicaciones MinCultura.<\/b><\/p>\n","protected":false},"excerpt":{"rendered":"<p>\u00a0A Italia, Espa\u00f1a y diversos lugares de Colombia est\u00e1n viajando el grupo de m\u00fasicos colombianos ganadores de la Convocatoria de Est\u00edmulos 2015, del Ministerio de Cultura, el cual \u00a0busca incentivar y fortalecer el sector musical del pa\u00eds con una inversi\u00f3n de $1.380 millones en total.\u00a0 La convocatoria est\u00e1 \u00a0distribuida en[&#8230;]<\/p>\n","protected":false},"author":1,"featured_media":4977,"comment_status":"open","ping_status":"open","sticky":false,"template":"","format":"standard","meta":{"footnotes":""},"categories":[4],"tags":[],"_links":{"self":[{"href":"https:\/\/emisora.univalle.edu.co\/index.php\/wp-json\/wp\/v2\/posts\/5010"}],"collection":[{"href":"https:\/\/emisora.univalle.edu.co\/index.php\/wp-json\/wp\/v2\/posts"}],"about":[{"href":"https:\/\/emisora.univalle.edu.co\/index.php\/wp-json\/wp\/v2\/types\/post"}],"author":[{"embeddable":true,"href":"https:\/\/emisora.univalle.edu.co\/index.php\/wp-json\/wp\/v2\/users\/1"}],"replies":[{"embeddable":true,"href":"https:\/\/emisora.univalle.edu.co\/index.php\/wp-json\/wp\/v2\/comments?post=5010"}],"version-history":[{"count":1,"href":"https:\/\/emisora.univalle.edu.co\/index.php\/wp-json\/wp\/v2\/posts\/5010\/revisions"}],"predecessor-version":[{"id":5011,"href":"https:\/\/emisora.univalle.edu.co\/index.php\/wp-json\/wp\/v2\/posts\/5010\/revisions\/5011"}],"wp:featuredmedia":[{"embeddable":true,"href":"https:\/\/emisora.univalle.edu.co\/index.php\/wp-json\/wp\/v2\/media\/4977"}],"wp:attachment":[{"href":"https:\/\/emisora.univalle.edu.co\/index.php\/wp-json\/wp\/v2\/media?parent=5010"}],"wp:term":[{"taxonomy":"category","embeddable":true,"href":"https:\/\/emisora.univalle.edu.co\/index.php\/wp-json\/wp\/v2\/categories?post=5010"},{"taxonomy":"post_tag","embeddable":true,"href":"https:\/\/emisora.univalle.edu.co\/index.php\/wp-json\/wp\/v2\/tags?post=5010"}],"curies":[{"name":"wp","href":"https:\/\/api.w.org\/{rel}","templated":true}]}}