{"id":5012,"date":"2015-07-01T14:51:10","date_gmt":"2015-07-01T19:51:10","guid":{"rendered":"https:\/\/emisora.univalle.edu.co\/\/?p=5012"},"modified":"2015-07-01T14:51:10","modified_gmt":"2015-07-01T19:51:10","slug":"estudiante-recibira-doble-titulacion-en-la-unam","status":"publish","type":"post","link":"https:\/\/emisora.univalle.edu.co\/index.php\/estudiante-recibira-doble-titulacion-en-la-unam\/","title":{"rendered":"Estudiante recibir\u00e1 doble titulaci\u00f3n en la UNAM"},"content":{"rendered":"<p><span style=\"line-height: 1.5em;\"><a href=\"https:\/\/emisora.univalle.edu.co\/\/wp-content\/uploads\/2015\/07\/Doble-Unam.jpg\" data-lightbox=\"gal[5012]\"><img loading=\"lazy\" decoding=\"async\" class=\" wp-image-4964 alignleft\" alt=\"Doble Unam\" src=\"https:\/\/emisora.univalle.edu.co\/\/wp-content\/uploads\/2015\/07\/Doble-Unam-150x150.jpg\" width=\"300\" height=\"300\" \/><\/a>El estudiante de s\u00e9ptimo semestre de Licenciatura en Arte Dram\u00e1tico de la Facultad de Artes Integradas de la Universidad del Valle Esteban Caicedo Cort\u00e9s recibir\u00e1 doble titulaci\u00f3n con la Universidad Nacional Aut\u00f3noma de M\u00e9xico &#8211; UNAM, donde est\u00e1 de intercambio desde enero de 2014.<\/span><\/p>\n<p>El objetivo de la Doble Titulaci\u00f3n es internacionalizar la educaci\u00f3n y permitirle a los estudiantes colombianos ir a otro pa\u00eds como profesionales titulados, los estudiantes cursan los primeros semestres en una universidad colombiana y los \u00faltimos en el exterior; al finalizar la carrera obtienen el t\u00edtulo por ambas instituciones. Generalmente se da por acuerdos entre universidades, sin embargo, en el caso de Esteban, por su buen desempe\u00f1o acad\u00e9mico y art\u00edstico, su petici\u00f3n fue aceptada por la UNAM.<\/p>\n<p>Si bien varios estudiantes han realizado movilidad acad\u00e9mica internacional en esa instituci\u00f3n, Esteban Caicedo, tambi\u00e9n ganador de la Beca Santander, fue el primero en viajar al Centro Universitario de Teatro de la UNAM. El estudiante describe M\u00e9xico como \u201cun pa\u00eds lleno de cultura, lleno de gente que ama hacer, apoyar y desarrollar arte. Al estar aqu\u00ed confirmo que el arte es un acto de fe y que al ser el Teatro un ficcionario de nuestra realidad, no hay regalo m\u00e1s grande que vivirla en su plenitud\u201d.<\/p>\n<p>De su experiencia acad\u00e9mica Esteban destaca \u201cel sentido de comunidad, porque es verdaderamente una familia donde art\u00edsticamente se alimenta constructivamente el proceso de cada estudiante. La Universidad y sus anexos me han permitido tomar talleres con reconocidos directores y dramaturgos de cine y teatro, as\u00ed mismo, realizar mis montajes de titulaci\u00f3n acad\u00e9mica con grandes del Teatro Mexicano. Paralelo a lo anterior he podido desarrollar varios proyectos extracurriculares de la escuela en donde mi formaci\u00f3n como actor se ha visto comprometida de manera sobresaliente\u201d.<\/p>\n<p>Esteban Caicedo estar\u00e1 hasta el 15 de diciembre en M\u00e9xico y ahora cuenta con la Beca Santander una oportunidad que estaba persiguiendo desde que viaj\u00f3.<\/p>\n<p>A la fecha ha participado en el montaje de 3 obras en M\u00e9xico: \u2018Valor, Agravio y Mujer\u2019 \u00a0de Ana Caro Mallen de Soto, \u2018Citerea\u2019 \u00a0de Luis de Tavira \u00a0y \u2018El Reino de los animales\u2019 de Roland Schimmelpfennig.<\/p>\n<p>Al regresar a Colombia pretende exponer su experiencia como estudiante de movilidad para incentivar a otros estudiantes a que hagan lo mismo, para salir de su entorno y retarse en otros pa\u00edses.<\/p>\n<p><b>Fuente: Agencia de Noticias Univalle<\/b><\/p>\n","protected":false},"excerpt":{"rendered":"<p>El estudiante de s\u00e9ptimo semestre de Licenciatura en Arte Dram\u00e1tico de la Facultad de Artes Integradas de la Universidad del Valle Esteban Caicedo Cort\u00e9s recibir\u00e1 doble titulaci\u00f3n con la Universidad Nacional Aut\u00f3noma de M\u00e9xico &#8211; UNAM, donde est\u00e1 de intercambio desde enero de 2014. El objetivo de la Doble Titulaci\u00f3n[&#8230;]<\/p>\n","protected":false},"author":1,"featured_media":4965,"comment_status":"open","ping_status":"open","sticky":false,"template":"","format":"standard","meta":{"footnotes":""},"categories":[4],"tags":[],"_links":{"self":[{"href":"https:\/\/emisora.univalle.edu.co\/index.php\/wp-json\/wp\/v2\/posts\/5012"}],"collection":[{"href":"https:\/\/emisora.univalle.edu.co\/index.php\/wp-json\/wp\/v2\/posts"}],"about":[{"href":"https:\/\/emisora.univalle.edu.co\/index.php\/wp-json\/wp\/v2\/types\/post"}],"author":[{"embeddable":true,"href":"https:\/\/emisora.univalle.edu.co\/index.php\/wp-json\/wp\/v2\/users\/1"}],"replies":[{"embeddable":true,"href":"https:\/\/emisora.univalle.edu.co\/index.php\/wp-json\/wp\/v2\/comments?post=5012"}],"version-history":[{"count":1,"href":"https:\/\/emisora.univalle.edu.co\/index.php\/wp-json\/wp\/v2\/posts\/5012\/revisions"}],"predecessor-version":[{"id":5013,"href":"https:\/\/emisora.univalle.edu.co\/index.php\/wp-json\/wp\/v2\/posts\/5012\/revisions\/5013"}],"wp:featuredmedia":[{"embeddable":true,"href":"https:\/\/emisora.univalle.edu.co\/index.php\/wp-json\/wp\/v2\/media\/4965"}],"wp:attachment":[{"href":"https:\/\/emisora.univalle.edu.co\/index.php\/wp-json\/wp\/v2\/media?parent=5012"}],"wp:term":[{"taxonomy":"category","embeddable":true,"href":"https:\/\/emisora.univalle.edu.co\/index.php\/wp-json\/wp\/v2\/categories?post=5012"},{"taxonomy":"post_tag","embeddable":true,"href":"https:\/\/emisora.univalle.edu.co\/index.php\/wp-json\/wp\/v2\/tags?post=5012"}],"curies":[{"name":"wp","href":"https:\/\/api.w.org\/{rel}","templated":true}]}}