{"id":5015,"date":"2015-07-01T14:54:16","date_gmt":"2015-07-01T19:54:16","guid":{"rendered":"https:\/\/emisora.univalle.edu.co\/\/?p=5015"},"modified":"2015-07-01T14:54:16","modified_gmt":"2015-07-01T19:54:16","slug":"llega-la-oficina-de-relaciones-publicas-y-protocolo-el-administrador-de-empresas-harold-eduardo-caicedo","status":"publish","type":"post","link":"https:\/\/emisora.univalle.edu.co\/index.php\/llega-la-oficina-de-relaciones-publicas-y-protocolo-el-administrador-de-empresas-harold-eduardo-caicedo\/","title":{"rendered":"Llega a la Oficina de Relaciones P\u00fablicas y Protocolo el administrador de Empresas Harold Eduardo Caicedo"},"content":{"rendered":"<p><span style=\"line-height: 1.5em;\">Lleg\u00f3 a la Oficina de Relaciones P\u00fablicas y Protocolo de la Gobernaci\u00f3n del Valle del Cauca el cale\u00f1o, graduado en Administraci\u00f3n de Empresas Harold Eduardo Caicedo. El profesional se mostr\u00f3 complacido ante esta designaci\u00f3n y el voto de confianza entregado por el Gobernador Ubeimar Delgado Bland\u00f3n.<\/span><\/p>\n<p>Harold Caicedo tiene dentro de sus prop\u00f3sitos posicionar la Oficina de Protocolo a nivel regional y nacional teniendo en cuenta su destacada experiencia en este campo.<\/p>\n<p>Caicedo es egresado de la Facultad de Administraci\u00f3n de Empresas de la Universidad Santiago de Cali, con postgrado en\u00a0 Gerencia para el Desarrollo Social de la Universidad de Alcal\u00e1 de Henares INAP. Espa\u00f1a; de igual manera estudi\u00f3 Finanzas, en\u00a0 Alto Gobierno Municipal en la Universidad Icesi y marketing estrat\u00e9gico en la Universidad Santiago de Cali.<\/p>\n<p>En su hoja de vida se destacan cargos a nivel Gerencial y Directivo, experiencia en capacitaci\u00f3n, Interventor\u00eda, Manejo de Imagen Corporativa, Relaciones P\u00fablicas y Protocolo, y experiencia laboral en el \u00e1rea administrativa, en la formulaci\u00f3n de proyectos sociales y cooperaci\u00f3n internacional. Se\u00a0 ha desempe\u00f1ado como jefe de Protocolo de la Alcald\u00eda de Cali y de la Gobernaci\u00f3n del Valle, as\u00ed como Gerente de la Beneficencia del Valle. Estuvo encargado como secretario de Cultura y Turismo, Secretario General, y Director del teatro municipal.<\/p>\n<p><b>Fuente: Comunicaciones Gobernaci\u00f3n<\/b><\/p>\n","protected":false},"excerpt":{"rendered":"<p>Lleg\u00f3 a la Oficina de Relaciones P\u00fablicas y Protocolo de la Gobernaci\u00f3n del Valle del Cauca el cale\u00f1o, graduado en Administraci\u00f3n de Empresas Harold Eduardo Caicedo. El profesional se mostr\u00f3 complacido ante esta designaci\u00f3n y el voto de confianza entregado por el Gobernador Ubeimar Delgado Bland\u00f3n. Harold Caicedo tiene dentro[&#8230;]<\/p>\n","protected":false},"author":1,"featured_media":4970,"comment_status":"open","ping_status":"open","sticky":false,"template":"","format":"standard","meta":{"footnotes":""},"categories":[4],"tags":[],"_links":{"self":[{"href":"https:\/\/emisora.univalle.edu.co\/index.php\/wp-json\/wp\/v2\/posts\/5015"}],"collection":[{"href":"https:\/\/emisora.univalle.edu.co\/index.php\/wp-json\/wp\/v2\/posts"}],"about":[{"href":"https:\/\/emisora.univalle.edu.co\/index.php\/wp-json\/wp\/v2\/types\/post"}],"author":[{"embeddable":true,"href":"https:\/\/emisora.univalle.edu.co\/index.php\/wp-json\/wp\/v2\/users\/1"}],"replies":[{"embeddable":true,"href":"https:\/\/emisora.univalle.edu.co\/index.php\/wp-json\/wp\/v2\/comments?post=5015"}],"version-history":[{"count":1,"href":"https:\/\/emisora.univalle.edu.co\/index.php\/wp-json\/wp\/v2\/posts\/5015\/revisions"}],"predecessor-version":[{"id":5016,"href":"https:\/\/emisora.univalle.edu.co\/index.php\/wp-json\/wp\/v2\/posts\/5015\/revisions\/5016"}],"wp:featuredmedia":[{"embeddable":true,"href":"https:\/\/emisora.univalle.edu.co\/index.php\/wp-json\/wp\/v2\/media\/4970"}],"wp:attachment":[{"href":"https:\/\/emisora.univalle.edu.co\/index.php\/wp-json\/wp\/v2\/media?parent=5015"}],"wp:term":[{"taxonomy":"category","embeddable":true,"href":"https:\/\/emisora.univalle.edu.co\/index.php\/wp-json\/wp\/v2\/categories?post=5015"},{"taxonomy":"post_tag","embeddable":true,"href":"https:\/\/emisora.univalle.edu.co\/index.php\/wp-json\/wp\/v2\/tags?post=5015"}],"curies":[{"name":"wp","href":"https:\/\/api.w.org\/{rel}","templated":true}]}}