{"id":5020,"date":"2015-07-01T14:58:26","date_gmt":"2015-07-01T19:58:26","guid":{"rendered":"https:\/\/emisora.univalle.edu.co\/\/?p=5020"},"modified":"2015-07-01T14:58:26","modified_gmt":"2015-07-01T19:58:26","slug":"egresados-reciben-orden-de-la-independencia","status":"publish","type":"post","link":"https:\/\/emisora.univalle.edu.co\/index.php\/egresados-reciben-orden-de-la-independencia\/","title":{"rendered":"Egresados reciben Orden de la Independencia"},"content":{"rendered":"<p><span style=\"line-height: 1.5em;\">Por sus m\u00e9ritos, dos egresados de la Universidad del Valle recibir\u00e1n la Medalla Orden de la Independencia que entregar\u00e1 el Concejo de Cali, en una ceremonia en conmemoraci\u00f3n del Grito de Independencia de Cali.<\/span><\/p>\n<p>Se trata de C\u00e9sar Augusto Acevedo, comunicador social y director de la pel\u00edcula \u201cLa tierra y la sombra\u201d, y Nancy Palacios Mena, licenciada en Ciencias Sociales y con una Maestr\u00eda en Psicolog\u00eda, galardonada recientemente con el Premio Gran Maestra Premio Compartir 2015.<\/p>\n<p>La ceremonia se realizar\u00e1 el pr\u00f3ximo 3 de julio, a las 4:00 p.m., en el Bulevar del R\u00edo Cali.<\/p>\n<p>Recientemente, C\u00e9sar Acevedo gan\u00f3 la C\u00e1mara de Oro a la Mejor \u00d3pera Prima en el Festival de Cine de Cannes, el premio m\u00e1s importante que una pel\u00edcula colombiana haya recibido a nivel internacional. Adem\u00e1s su opera prima recibi\u00f3 \u00a0el Premio SACD que otorga la Sociedad de Autores y Compositores, el France 4 Visionary Award (Premio Director Revelaci\u00f3n) y Le Grand Rail D\u2019Or (Premio del p\u00fablico), en la Semana de la Cr\u00edtica 2015, secci\u00f3n paralela del reconocido Festival.<\/p>\n<p>El hecho de que \u201cLa Tierra y la Sombra\u201d ganara la C\u00e1mara de Oro en el \u00a0Festival de Cannes marca la historia del cine en el pa\u00eds, ya que este es el mayor reconocimiento obtenido por la cinematograf\u00eda colombiana en su historia.<\/p>\n<p>Nancy Palacios Mena es la \u00fanica mujer que ser\u00e1 exaltada en la ceremonia. Ella recibi\u00f3 el Premio Compartir al Maestro por la iniciativa \u201cLa indagaci\u00f3n como estrategia pedag\u00f3gica para la ense\u00f1anza de las ciencias sociales\u201d, con la que incentiva la renovaci\u00f3n de los m\u00e9todos pedag\u00f3gicos en la ense\u00f1anza de las Ciencias Sociales en la Instituci\u00f3n Educativa Santa Ana de los Caballeros, de Ansermanuevo, norte del Valle del Cauca, donde actualmente labora.<\/p>\n<p>La elecci\u00f3n de la terna estuvo a cargo del alcalde de Cali Rodrigo Guerrero Velasco como Gran Canciller de la Orden de la Independencia, Clementina V\u00e9lez G\u00e1lvez; presidenta del Concejo y Gran Maestre, y Luis Antonio Cuellar Mendoza, presidente de la Academia de Historia del Valle del Cauca y Canciller de la Orden de la Independencia.<\/p>\n<p>Junto a estos dos egresados ser\u00e1 condecorado Armando Barona Mesa, abogado de la Universidad del Cauca, reconocido escritor, miembro de la Academia de Historia del Valle del Cauca y columnista de diarios impresos.<\/p>\n<p><b>Fuente: Agencia de Noticias Univalle<\/b><\/p>\n","protected":false},"excerpt":{"rendered":"<p>Por sus m\u00e9ritos, dos egresados de la Universidad del Valle recibir\u00e1n la Medalla Orden de la Independencia que entregar\u00e1 el Concejo de Cali, en una ceremonia en conmemoraci\u00f3n del Grito de Independencia de Cali. Se trata de C\u00e9sar Augusto Acevedo, comunicador social y director de la pel\u00edcula \u201cLa tierra y[&#8230;]<\/p>\n","protected":false},"author":1,"featured_media":4986,"comment_status":"open","ping_status":"open","sticky":false,"template":"","format":"standard","meta":{"footnotes":""},"categories":[4],"tags":[],"_links":{"self":[{"href":"https:\/\/emisora.univalle.edu.co\/index.php\/wp-json\/wp\/v2\/posts\/5020"}],"collection":[{"href":"https:\/\/emisora.univalle.edu.co\/index.php\/wp-json\/wp\/v2\/posts"}],"about":[{"href":"https:\/\/emisora.univalle.edu.co\/index.php\/wp-json\/wp\/v2\/types\/post"}],"author":[{"embeddable":true,"href":"https:\/\/emisora.univalle.edu.co\/index.php\/wp-json\/wp\/v2\/users\/1"}],"replies":[{"embeddable":true,"href":"https:\/\/emisora.univalle.edu.co\/index.php\/wp-json\/wp\/v2\/comments?post=5020"}],"version-history":[{"count":1,"href":"https:\/\/emisora.univalle.edu.co\/index.php\/wp-json\/wp\/v2\/posts\/5020\/revisions"}],"predecessor-version":[{"id":5021,"href":"https:\/\/emisora.univalle.edu.co\/index.php\/wp-json\/wp\/v2\/posts\/5020\/revisions\/5021"}],"wp:featuredmedia":[{"embeddable":true,"href":"https:\/\/emisora.univalle.edu.co\/index.php\/wp-json\/wp\/v2\/media\/4986"}],"wp:attachment":[{"href":"https:\/\/emisora.univalle.edu.co\/index.php\/wp-json\/wp\/v2\/media?parent=5020"}],"wp:term":[{"taxonomy":"category","embeddable":true,"href":"https:\/\/emisora.univalle.edu.co\/index.php\/wp-json\/wp\/v2\/categories?post=5020"},{"taxonomy":"post_tag","embeddable":true,"href":"https:\/\/emisora.univalle.edu.co\/index.php\/wp-json\/wp\/v2\/tags?post=5020"}],"curies":[{"name":"wp","href":"https:\/\/api.w.org\/{rel}","templated":true}]}}