{"id":5049,"date":"2015-07-02T15:03:06","date_gmt":"2015-07-02T20:03:06","guid":{"rendered":"https:\/\/emisora.univalle.edu.co\/\/?p=5049"},"modified":"2015-07-02T15:03:06","modified_gmt":"2015-07-02T20:03:06","slug":"administracion-garantiza-prestacion-del-servicio-de-alumbrado-publico","status":"publish","type":"post","link":"https:\/\/emisora.univalle.edu.co\/index.php\/administracion-garantiza-prestacion-del-servicio-de-alumbrado-publico\/","title":{"rendered":"Administraci\u00f3n garantiza prestaci\u00f3n del servicio de alumbrado p\u00fablico"},"content":{"rendered":"<p><span style=\"line-height: 1.5em;\">El contrato entre Emcali y la empresa Megaproyectos continuar\u00e1 hasta\u00a0 que se conozcan los alcances de un informe de interventor\u00eda de los \u00faltimos d\u00edas, as\u00ed lo inform\u00f3 el Gerente ( e ) de Emcali Javier Mauricio Pach\u00f3n Arenales.<\/span><\/p>\n<p>A\u00f1adi\u00f3 que dicho informe no lo conoc\u00eda al 26 de junio, ninguna dependencia municipal, ni el Alcalde por lo que: \u201cel conocimiento de este documento obliga a la Administraci\u00f3n de una forma prudente a la revisi\u00f3n del alcance de este informe\u201d, explic\u00f3 que la informaci\u00f3n se va a decantar en mesas de trabajo.<\/p>\n<p>Para el gerente (e) de Emcali lo m\u00e1s importante es que las partes analizar\u00e1n conjuntamente las informaciones de\u00a0 inversiones, el tiempo y el lugar y que esto corresponda a lo que estaba ajustado dentro del contrato, adem\u00e1s garantizar la prestaci\u00f3n del servicio de alumbrado p\u00fablico.<\/p>\n<p>Para el abogado Pach\u00f3n Arenales otro punto importante es mejorar la interventor\u00eda, dijo que se hace al interior de la empresa, pero que considera que se debe de realizar de forma externa para que sea m\u00e1s garantista de las inversiones que se hacen.<\/p>\n<p>Sobre los datos puntuales que rese\u00f1a el informe dijo: \u201cmuestra a grandes rasgos una primera matriz de cumplimiento general del contrato, pero trae un cuadro bastante puntual sobre inversiones. Se\u00f1ala\u00a0 obligaciones pendientes de pagar y otras del otros\u00ed n\u00famero 8, que nos compete, pero adicionalmente habla de otras obligaciones y lo expresado por el contratista es que estas corresponden al otros\u00ed n\u00famero 8, siendo esto parte de lo que se debe determinar, porque si efectivamente se tienen esas obligaciones ya causadas, quiere decir que las inversiones ya se hicieron y ese ser\u00eda el alcance que se tendr\u00eda que entender del acuerdo\u201d.<\/p>\n<p>Sobre la decantaci\u00f3n y an\u00e1lisis de informaci\u00f3n que realizar\u00e1n las mesas de trabajo, indic\u00f3 aunque no se puede estimar el tiempo que trabajar\u00e1n, \u201ces importante que en ellas est\u00e9n presentes todas las partes para que no hayan dudas y se establezca un cronograma que les permita ubicarse en un tiempo cierto, a fin de llegar definitivamente a las conclusiones\u201d.<\/p>\n<p><strong>Contrato con el paso del tiempo<\/strong><\/p>\n<p>A su turno, el director del Departamento de Planeaci\u00f3n Municipal, Le\u00f3n Dar\u00edo Espinosa Restrepo hizo una rese\u00f1a de todo lo correspondiente al contrato suscrito en su momento con la firma Megaproyectos para la prestaci\u00f3n del servicio de alumbrado p\u00fablico.<\/p>\n<p>Expres\u00f3 que dado un requerimiento de la Contralor\u00eda General se determin\u00f3 una supervisi\u00f3n al convenio entre Municipio y Emcali, de ah\u00ed surge la supervisi\u00f3n que lleva a cabo Planeaci\u00f3n Municipal. \u201cAdem\u00e1s en esas labores t\u00e9cnica, administrativa, financiera y jur\u00eddica se hicieron an\u00e1lisis de distintos \u00edtems y uno de ellos correspond\u00eda a c\u00f3mo era\u00a0 la ejecuci\u00f3n del contrato Megaproyectos \u2013 Emcali\u201d.<\/p>\n<p>Respecto al otro s\u00ed en discusi\u00f3n precis\u00f3: \u201cen un momento en que el Municipio necesitaba tener recursos para los proyectos de alumbrado del Masivo Integrado de Occidente \u2013 MIO -, el Municipio le solicit\u00f3 a Emcali que ejecutar\u00e1 unas obras por valor de $10 mil millones de pesos para ciertos proyectos y de acuerdo con esa solicitud, Emcali suscribi\u00f3 un otros\u00ed \u2013 n\u00famero 8 \u2013 con Megaproyectos en el cual la firma contratista se compromet\u00eda ejecutar unas inversiones ya no por la citada cuant\u00eda, sino por $8600 millones, por tanto se pact\u00f3 extender por dos a\u00f1os m\u00e1s, el contrato de concesi\u00f3n y el c\u00e1lculo que deb\u00eda hacerse era las obras en las cuales se hacia la inversi\u00f3n correspondiente y una rentabilidad en el que se reconoc\u00eda el DTF m\u00e1s 8\u201d.<\/p>\n<p>Y continu\u00f3 diciendo que\u00a0 se analizar\u00e1 el manejo de este otros\u00ed y los saldos que se manejan.<\/p>\n<p>Espinosa Restrepo tambi\u00e9n concluy\u00f3 que el Municipio debe garantizar la prestaci\u00f3n del servicio de alumbrado p\u00fablico, por tanto continua con el convenio con Emcali y la ejecuci\u00f3n del otros\u00ed mientras se hacen los c\u00e1lculos correspondientes con los distintos actores.<\/p>\n<p>En el caso de Emcali anot\u00f3 que le compete garantizar ese servicio de calidad, porque est\u00e1 comprometido con el Municipio de acuerdo con el convenio interadministrativo firmado a\u00f1os atr\u00e1s.<\/p>\n<p>Fuente Comunicaciones Alcald\u00eda<\/p>\n","protected":false},"excerpt":{"rendered":"<p>El contrato entre Emcali y la empresa Megaproyectos continuar\u00e1 hasta\u00a0 que se conozcan los alcances de un informe de interventor\u00eda de los \u00faltimos d\u00edas, as\u00ed lo inform\u00f3 el Gerente ( e ) de Emcali Javier Mauricio Pach\u00f3n Arenales. A\u00f1adi\u00f3 que dicho informe no lo conoc\u00eda al 26 de junio, ninguna[&#8230;]<\/p>\n","protected":false},"author":1,"featured_media":5036,"comment_status":"open","ping_status":"open","sticky":false,"template":"","format":"standard","meta":{"footnotes":""},"categories":[4],"tags":[],"_links":{"self":[{"href":"https:\/\/emisora.univalle.edu.co\/index.php\/wp-json\/wp\/v2\/posts\/5049"}],"collection":[{"href":"https:\/\/emisora.univalle.edu.co\/index.php\/wp-json\/wp\/v2\/posts"}],"about":[{"href":"https:\/\/emisora.univalle.edu.co\/index.php\/wp-json\/wp\/v2\/types\/post"}],"author":[{"embeddable":true,"href":"https:\/\/emisora.univalle.edu.co\/index.php\/wp-json\/wp\/v2\/users\/1"}],"replies":[{"embeddable":true,"href":"https:\/\/emisora.univalle.edu.co\/index.php\/wp-json\/wp\/v2\/comments?post=5049"}],"version-history":[{"count":1,"href":"https:\/\/emisora.univalle.edu.co\/index.php\/wp-json\/wp\/v2\/posts\/5049\/revisions"}],"predecessor-version":[{"id":5050,"href":"https:\/\/emisora.univalle.edu.co\/index.php\/wp-json\/wp\/v2\/posts\/5049\/revisions\/5050"}],"wp:featuredmedia":[{"embeddable":true,"href":"https:\/\/emisora.univalle.edu.co\/index.php\/wp-json\/wp\/v2\/media\/5036"}],"wp:attachment":[{"href":"https:\/\/emisora.univalle.edu.co\/index.php\/wp-json\/wp\/v2\/media?parent=5049"}],"wp:term":[{"taxonomy":"category","embeddable":true,"href":"https:\/\/emisora.univalle.edu.co\/index.php\/wp-json\/wp\/v2\/categories?post=5049"},{"taxonomy":"post_tag","embeddable":true,"href":"https:\/\/emisora.univalle.edu.co\/index.php\/wp-json\/wp\/v2\/tags?post=5049"}],"curies":[{"name":"wp","href":"https:\/\/api.w.org\/{rel}","templated":true}]}}