{"id":5051,"date":"2015-07-02T15:05:11","date_gmt":"2015-07-02T20:05:11","guid":{"rendered":"https:\/\/emisora.univalle.edu.co\/\/?p=5051"},"modified":"2015-07-02T15:05:11","modified_gmt":"2015-07-02T20:05:11","slug":"plan-de-contingencia-prevencion-del-riesgo-de-sequia-en-el-valle-del-cauca","status":"publish","type":"post","link":"https:\/\/emisora.univalle.edu.co\/index.php\/plan-de-contingencia-prevencion-del-riesgo-de-sequia-en-el-valle-del-cauca\/","title":{"rendered":"Plan de Contingencia Prevenci\u00f3n del Riesgo de Sequ\u00eda en el Valle del Cauca."},"content":{"rendered":"<p><span style=\"line-height: 1.5em;\">\u00a0La Oficina para la Gesti\u00f3n del\u00a0 Riesgo de Desastre, en cabeza de Alberto Ramos Garbiras hizo un llamado a las autoridades y personas de las comunidades que, todos tenemos deberes y obligaciones frente al Art\u00edculo 95 numerales 2 y 8., de la Constituci\u00f3n Pol\u00edtica de Colombia (2. Obrar conforme al principio de solidaridad social, respondiendo con acciones humanitarias ante situaciones que pongan en peligro la vida o la salud de las personas; 8. Proteger los recursos culturales y naturales del pa\u00eds y velar por la conservaci\u00f3n de un ambiente sano.)\u00a0 Por esto recomienda y recuerda:<\/span><\/p>\n<p>1-\u00a0\u00a0\u00a0\u00a0\u00a0\u00a0\u00a0 Evitar los incendios forestales (\u00e1rboledas, bosques, selvas.), son los pastos, arbustos y \u00e1rboles quienes conservan\u00a0 la sombra y humedad del suelo en forma permanente. Sus ra\u00edces retienen el agua microsc\u00f3pica a trav\u00e9s de la estructura del\u00a0 suelo.<br \/>\n2-\u00a0\u00a0\u00a0\u00a0\u00a0\u00a0\u00a0 Desarrollar estrategias de control de pir\u00f3manos con las autoridades competentes e implementar puestos de control\u00a0 y vigilancia permanentes para los visitantes, turistas y pobladores de zonas rurales.<br \/>\n3-\u00a0\u00a0\u00a0\u00a0\u00a0\u00a0\u00a0 Respetar el curso del agua en sus distintos nacimientos superficiales y\u00a0 subterr\u00e1neos\u00a0 evitando\u00a0 desviar\u00a0 el\u00a0 cauce\u00a0 de\u00a0 las\u00a0 quebradas es un asunto vital para mitigar el riesgo de sequ\u00eda.<br \/>\n4-\u00a0\u00a0\u00a0\u00a0\u00a0\u00a0\u00a0 En tiempo de verano se debe adelantar una reserva de agua comunal suficiente para satisfacer\u00a0 integralmente las necesidades de sus habitantes, siendo la autoridad municipal la responsable de establecer criterios de distribuci\u00f3n del volumen, horario y continuidad.<br \/>\n5-\u00a0\u00a0\u00a0\u00a0\u00a0\u00a0\u00a0 No malgastar el agua potable en tiempo de verano (sequia)\u00a0 en asuntos de riego agr\u00edcola, pecuario, aseo de establecimientos comerciales, casas, calles, andenes\u00a0 y veh\u00edculos.<br \/>\n6-\u00a0\u00a0\u00a0\u00a0\u00a0\u00a0\u00a0 Fortalecer la siembra,\u00a0 conservaci\u00f3n y protecci\u00f3n de las cuencas hidrogr\u00e1ficas\u00a0 mediante la siembra de \u00e1rboles y arbustos\u00a0 nativos en abundancia que permita a mediano y largo plazo la viabilidad del agua potable\u00a0 en los municipios.<br \/>\n7-\u00a0\u00a0\u00a0\u00a0\u00a0\u00a0\u00a0 Es fundamental la estrategia acad\u00e9mica\u00a0 desde las escuelas, colegios y universidades para lograr la concientizaci\u00f3n\u00a0 fundamental del manejo y explotaci\u00f3n del\u00a0 medio ambiente y su conservaci\u00f3n; siendo el conocimiento cient\u00edfico la ruta m\u00e1s acertada para establecer los par\u00e1metros biol\u00f3gicos, ecol\u00f3gicos, bot\u00e1nicos y el desarrollo sostenible de las sociedades modernas.<br \/>\n8-\u00a0\u00a0\u00a0\u00a0\u00a0\u00a0\u00a0 Es muy importante no aplicar insecticidas, herbicidas, fungicidas, nemat\u00eccidas, bactericidas, detergentes, etc., cerca de las fuentes de agua potable en esta \u00e9poca de verano que se avecina, debido a que los\u00a0\u00a0 caudales\u00a0 (volumen) de las aguas superficiales y subterr\u00e1neas se reducen considerablemente\u00a0 y\u00a0 la concentraci\u00f3n de sustancias t\u00f3xicas aumenta en forma considerable.<\/p>\n<p>\u201cEl hombre en su lucha por mantener la vida en sociedad atenta contra su naturaleza mediante su acci\u00f3n por obtener los recursos econ\u00f3micos para lograr su continuidad a trav\u00e9s del tiempo.\u00a0 Es una lucha de equilibrios bi\u00f3ticos y abi\u00f3ticos muy desigual entre lo ambiental\u00a0 y su existencia. Por consiguiente, el riesgo es una condici\u00f3n conveniente desde su existencia y a trav\u00e9s de su historia: El escaso respeto hacia lo ambiental lo ha llevado a un extremo de riesgo o escases del recurso para lograr la continuidad de su vida\u201d, puntualiz\u00f3 Alberto Ramos Garbiras.<\/p>\n<p>Fuente: Comunicaciones Gobernaci\u00f3n<\/p>\n","protected":false},"excerpt":{"rendered":"<p>\u00a0La Oficina para la Gesti\u00f3n del\u00a0 Riesgo de Desastre, en cabeza de Alberto Ramos Garbiras hizo un llamado a las autoridades y personas de las comunidades que, todos tenemos deberes y obligaciones frente al Art\u00edculo 95 numerales 2 y 8., de la Constituci\u00f3n Pol\u00edtica de Colombia (2. Obrar conforme al[&#8230;]<\/p>\n","protected":false},"author":1,"featured_media":5039,"comment_status":"open","ping_status":"open","sticky":false,"template":"","format":"standard","meta":{"footnotes":""},"categories":[4],"tags":[],"_links":{"self":[{"href":"https:\/\/emisora.univalle.edu.co\/index.php\/wp-json\/wp\/v2\/posts\/5051"}],"collection":[{"href":"https:\/\/emisora.univalle.edu.co\/index.php\/wp-json\/wp\/v2\/posts"}],"about":[{"href":"https:\/\/emisora.univalle.edu.co\/index.php\/wp-json\/wp\/v2\/types\/post"}],"author":[{"embeddable":true,"href":"https:\/\/emisora.univalle.edu.co\/index.php\/wp-json\/wp\/v2\/users\/1"}],"replies":[{"embeddable":true,"href":"https:\/\/emisora.univalle.edu.co\/index.php\/wp-json\/wp\/v2\/comments?post=5051"}],"version-history":[{"count":1,"href":"https:\/\/emisora.univalle.edu.co\/index.php\/wp-json\/wp\/v2\/posts\/5051\/revisions"}],"predecessor-version":[{"id":5052,"href":"https:\/\/emisora.univalle.edu.co\/index.php\/wp-json\/wp\/v2\/posts\/5051\/revisions\/5052"}],"wp:featuredmedia":[{"embeddable":true,"href":"https:\/\/emisora.univalle.edu.co\/index.php\/wp-json\/wp\/v2\/media\/5039"}],"wp:attachment":[{"href":"https:\/\/emisora.univalle.edu.co\/index.php\/wp-json\/wp\/v2\/media?parent=5051"}],"wp:term":[{"taxonomy":"category","embeddable":true,"href":"https:\/\/emisora.univalle.edu.co\/index.php\/wp-json\/wp\/v2\/categories?post=5051"},{"taxonomy":"post_tag","embeddable":true,"href":"https:\/\/emisora.univalle.edu.co\/index.php\/wp-json\/wp\/v2\/tags?post=5051"}],"curies":[{"name":"wp","href":"https:\/\/api.w.org\/{rel}","templated":true}]}}