{"id":5053,"date":"2015-07-02T15:08:30","date_gmt":"2015-07-02T20:08:30","guid":{"rendered":"https:\/\/emisora.univalle.edu.co\/\/?p=5053"},"modified":"2015-07-02T15:08:30","modified_gmt":"2015-07-02T20:08:30","slug":"plaza-de-caycedo-el-cam-y-el-boulevard-tendran-enlucimiento","status":"publish","type":"post","link":"https:\/\/emisora.univalle.edu.co\/index.php\/plaza-de-caycedo-el-cam-y-el-boulevard-tendran-enlucimiento\/","title":{"rendered":"Plaza de Caycedo, el CAM y el Boulevard tendr\u00e1n enlucimiento"},"content":{"rendered":"<p><span style=\"line-height: 1.5em;\">En el marco de las actividades de conmemoraci\u00f3n del Grito de Independencia del 3 de julio, los operadores de aseo que est\u00e1n comprometidos con Cali: Ciudad Limpia, EMAS CALI y Promoambiental Valle y Cali, junto a EMSIRVA en Liquidaci\u00f3n, el DAGMA, y\u00a0 la Polic\u00eda Ambiental, que de manera articulada vienen trabajando por la recuperaci\u00f3n y el embellecimiento\u00a0 del espacio p\u00fablico, se unen a la jornada de limpieza y enlucimiento que se lleva a cabo este jueves 2 de julio a\u00a0 partir de la 8 de la ma\u00f1ana en la Plaza de Caycedo, el Boulevard del Rio y la Plazoleta del CAM.<\/span><\/p>\n<p>A partir de la iniciativa generada desde el Consejo Consultivo de Cultura Ciudadana, que consiste en revivir el civismo en nuestra ciudad a trav\u00e9s de jornadas de enlucimiento, adem\u00e1s del lavado, barrido y limpieza, se realizar\u00e1n jornadas pedag\u00f3gicas e informativas para\u00a0 dar a conocer\u00a0 a vecinos y transe\u00fantes de este c\u00e9ntrico sector, la importancia que tiene en la historia de la ciudad la ic\u00f3nica Plaza de Caycedo y c\u00f3mo aportar para hacer de esta zona un lugar limpio y libre de residuos.<\/p>\n<p>Esta iniciativa cuenta con la participaci\u00f3n de\u00a0 las la Sociedad de Mejoras P\u00fablicas las Fundaciones\u00a0 FES y Fanalca, el Colegio Freinet, la Unidad de Acci\u00f3n Vallecaucana, la Arquidi\u00f3cesis de Cali, el Comit\u00e9 Intergremial, el proyecto Cali, ciudad de las aguas, Cali Como Vamos, la Polic\u00eda Metropolitana, Acecolombia, Corfecali,\u00a0 las Secretar\u00eda de Cultura y Turismo, Tr\u00e1nsito y Transporte, Gobierno y Deporte y Recreaci\u00f3n, el Departamento de Planeaci\u00f3n Municipal con el PGIRS y la Subdirecci\u00f3n del Recurso F\u00edsico Bienes Inmuebles, la Asesor\u00eda de Comunicaciones Bomberos Voluntarios y EMCALI. As\u00ed mismo, esta actividad responde a la invitaci\u00f3n del Concejo Municipal al comit\u00e9 \u201cYO CUIDO MI CASA\u201d para realizar\u00a0 las labores de limpieza y aseo.<\/p>\n","protected":false},"excerpt":{"rendered":"<p>En el marco de las actividades de conmemoraci\u00f3n del Grito de Independencia del 3 de julio, los operadores de aseo que est\u00e1n comprometidos con Cali: Ciudad Limpia, EMAS CALI y Promoambiental Valle y Cali, junto a EMSIRVA en Liquidaci\u00f3n, el DAGMA, y\u00a0 la Polic\u00eda Ambiental, que de manera articulada vienen[&#8230;]<\/p>\n","protected":false},"author":1,"featured_media":5045,"comment_status":"open","ping_status":"open","sticky":false,"template":"","format":"standard","meta":{"footnotes":""},"categories":[4],"tags":[],"_links":{"self":[{"href":"https:\/\/emisora.univalle.edu.co\/index.php\/wp-json\/wp\/v2\/posts\/5053"}],"collection":[{"href":"https:\/\/emisora.univalle.edu.co\/index.php\/wp-json\/wp\/v2\/posts"}],"about":[{"href":"https:\/\/emisora.univalle.edu.co\/index.php\/wp-json\/wp\/v2\/types\/post"}],"author":[{"embeddable":true,"href":"https:\/\/emisora.univalle.edu.co\/index.php\/wp-json\/wp\/v2\/users\/1"}],"replies":[{"embeddable":true,"href":"https:\/\/emisora.univalle.edu.co\/index.php\/wp-json\/wp\/v2\/comments?post=5053"}],"version-history":[{"count":1,"href":"https:\/\/emisora.univalle.edu.co\/index.php\/wp-json\/wp\/v2\/posts\/5053\/revisions"}],"predecessor-version":[{"id":5054,"href":"https:\/\/emisora.univalle.edu.co\/index.php\/wp-json\/wp\/v2\/posts\/5053\/revisions\/5054"}],"wp:featuredmedia":[{"embeddable":true,"href":"https:\/\/emisora.univalle.edu.co\/index.php\/wp-json\/wp\/v2\/media\/5045"}],"wp:attachment":[{"href":"https:\/\/emisora.univalle.edu.co\/index.php\/wp-json\/wp\/v2\/media?parent=5053"}],"wp:term":[{"taxonomy":"category","embeddable":true,"href":"https:\/\/emisora.univalle.edu.co\/index.php\/wp-json\/wp\/v2\/categories?post=5053"},{"taxonomy":"post_tag","embeddable":true,"href":"https:\/\/emisora.univalle.edu.co\/index.php\/wp-json\/wp\/v2\/tags?post=5053"}],"curies":[{"name":"wp","href":"https:\/\/api.w.org\/{rel}","templated":true}]}}