{"id":5055,"date":"2015-07-02T15:10:06","date_gmt":"2015-07-02T20:10:06","guid":{"rendered":"https:\/\/emisora.univalle.edu.co\/\/?p=5055"},"modified":"2015-07-02T15:10:06","modified_gmt":"2015-07-02T20:10:06","slug":"honores-multiples-para-conmemorar-grito-de-la-independencia-de-cali","status":"publish","type":"post","link":"https:\/\/emisora.univalle.edu.co\/index.php\/honores-multiples-para-conmemorar-grito-de-la-independencia-de-cali\/","title":{"rendered":"Honores m\u00faltiples para conmemorar grito de la Independencia de Cali"},"content":{"rendered":"<p><span style=\"line-height: 1.5em;\">Con la anticipaci\u00f3n de Cali en la historia de Colombia al ser la pionera en dar el grito de independencia el 3 de Julio de 1810, esta ciudad se vislumbr\u00f3 como el emulo para todos los municipios del pa\u00eds, por eso cada a\u00f1o la conmemoraci\u00f3n de ese d\u00eda es un ritual a la historia, la tradici\u00f3n y la cultura cale\u00f1a.<\/span><\/p>\n<p>Para este viernes 3 de Julio de 2015, al cumplir 205 a\u00f1os de aquella haza\u00f1a. La programaci\u00f3n se extender\u00e1 durante todo el d\u00eda, iniciando a las 9:00 de la ma\u00f1ana con la izada de la bandera en la plazoleta del Centro Administrativo Municipal \u2013 CAM en acto presidido por el Alcalde, Rodrigo Guerrero Velasco.<\/p>\n<p>Posteriormente y seg\u00fan lo determinado por el Consejo de la Orden de la Independencia de Santiago de Cali, conformado por la Concejal Clementiva V\u00e9lez G\u00e1lvez, el Alcalde Rodrigo Guerrero como Gran Canciller y Luis Antonio Cu\u00e9llar Mendoza como Canciller, los actos ser\u00e1n:<\/p>\n<p>&#8211;\u00a0\u00a0\u00a0\u00a0\u00a0\u00a0 10:00 a.m. Te Deum en la Catedral San Pedro, ubicada en el Parque Caycedo.<br \/>\n&#8211;\u00a0\u00a0\u00a0\u00a0\u00a0\u00a0 10:30 a.m.\u00a0\u00a0\u00a0\u00a0 Ofrenda florar y develaci\u00f3n de la placa de Ciudades Confederadas, tambi\u00e9n en el Parque Caycedo.<br \/>\n&#8211;\u00a0\u00a0\u00a0\u00a0\u00a0\u00a0 11:00 a.m.\u00a0\u00a0\u00a0\u00a0 Sesi\u00f3n Plenaria Concejo de Cali.<br \/>\n&#8211;\u00a0\u00a0\u00a0\u00a0\u00a0\u00a0 4:30 p.m.\u00a0\u00a0\u00a0\u00a0\u00a0\u00a0 Instalaci\u00f3n de Sesi\u00f3n solemne del Consejo de la Orden de la Independencia, que tendr\u00e1 lugar en el Bulevar del R\u00edo Cali.<\/p>\n<p>Durante la sesi\u00f3n solemne se entregar\u00e1 la Medalla Orden de la Independencia a Armando Barona Meza, historiador, abogado y escritor; a C\u00e9sar Augusto Acevedo, Cineasta\u00a0\u00a0 cale\u00f1o ganador de tres premios Cannes con la producci\u00f3n \u201cLa Tierra y la Sombra\u201d y a la doctora Nancy Palacios Mena, especialista en Sociolog\u00eda y Psicolog\u00eda, ganadora del premio Compartir al Maestro 2015.<\/p>\n<p>La conmemoraci\u00f3n finalizar\u00e1 con presentaciones art\u00edsticas donde participar\u00e1n las orquestas del Ej\u00e9rcito, la Polic\u00eda y artistas locales.<\/p>\n<p>Fuente. Comunicaciones Alcald\u00eda<\/p>\n","protected":false},"excerpt":{"rendered":"<p>Con la anticipaci\u00f3n de Cali en la historia de Colombia al ser la pionera en dar el grito de independencia el 3 de Julio de 1810, esta ciudad se vislumbr\u00f3 como el emulo para todos los municipios del pa\u00eds, por eso cada a\u00f1o la conmemoraci\u00f3n de ese d\u00eda es un[&#8230;]<\/p>\n","protected":false},"author":1,"featured_media":4986,"comment_status":"open","ping_status":"open","sticky":false,"template":"","format":"standard","meta":{"footnotes":""},"categories":[4],"tags":[],"_links":{"self":[{"href":"https:\/\/emisora.univalle.edu.co\/index.php\/wp-json\/wp\/v2\/posts\/5055"}],"collection":[{"href":"https:\/\/emisora.univalle.edu.co\/index.php\/wp-json\/wp\/v2\/posts"}],"about":[{"href":"https:\/\/emisora.univalle.edu.co\/index.php\/wp-json\/wp\/v2\/types\/post"}],"author":[{"embeddable":true,"href":"https:\/\/emisora.univalle.edu.co\/index.php\/wp-json\/wp\/v2\/users\/1"}],"replies":[{"embeddable":true,"href":"https:\/\/emisora.univalle.edu.co\/index.php\/wp-json\/wp\/v2\/comments?post=5055"}],"version-history":[{"count":1,"href":"https:\/\/emisora.univalle.edu.co\/index.php\/wp-json\/wp\/v2\/posts\/5055\/revisions"}],"predecessor-version":[{"id":5056,"href":"https:\/\/emisora.univalle.edu.co\/index.php\/wp-json\/wp\/v2\/posts\/5055\/revisions\/5056"}],"wp:featuredmedia":[{"embeddable":true,"href":"https:\/\/emisora.univalle.edu.co\/index.php\/wp-json\/wp\/v2\/media\/4986"}],"wp:attachment":[{"href":"https:\/\/emisora.univalle.edu.co\/index.php\/wp-json\/wp\/v2\/media?parent=5055"}],"wp:term":[{"taxonomy":"category","embeddable":true,"href":"https:\/\/emisora.univalle.edu.co\/index.php\/wp-json\/wp\/v2\/categories?post=5055"},{"taxonomy":"post_tag","embeddable":true,"href":"https:\/\/emisora.univalle.edu.co\/index.php\/wp-json\/wp\/v2\/tags?post=5055"}],"curies":[{"name":"wp","href":"https:\/\/api.w.org\/{rel}","templated":true}]}}