{"id":5061,"date":"2015-07-02T15:41:08","date_gmt":"2015-07-02T20:41:08","guid":{"rendered":"https:\/\/emisora.univalle.edu.co\/\/?p=5061"},"modified":"2015-07-02T15:53:37","modified_gmt":"2015-07-02T20:53:37","slug":"bibliotecas-publicas","status":"publish","type":"post","link":"https:\/\/emisora.univalle.edu.co\/index.php\/bibliotecas-publicas\/","title":{"rendered":"Premio Nacional de Bibliotecas P\u00fablicas preseleccion\u00f3 las mejores 22 bibliotecas del pa\u00eds"},"content":{"rendered":"<p>22 bibliotecas p\u00fablicas, ubicadas en 16 departamentos, aspiran a la segunda edici\u00f3n del Premio Nacional de Bibliotecas P\u00fablicas organizado por MinCultura y la Biblioteca Nacional de Colombia, en reconocimiento a la calidad en la gesti\u00f3n bibliotecaria.<\/p>\n<p>\u200b*80 millones de pesos, m\u00e1s pasant\u00edas en redes bibliotecarias del exterior, para los bibliotecarios, hacen parte de los reconocimientos que se otorgar\u00e1n a las bibliotecas finalistas. Las ganadoras se conocer\u00e1n el pr\u00f3ximo mes de agosto.<\/p>\n<p>Un total de 22 bibliotecas p\u00fablicas, ubicadas en los departamentos de Antioquia, Atl\u00e1ntico, Boyac\u00e1, Caldas, Caquet\u00e1, Cauca, Cesar, Choc\u00f3, C\u00f3rdoba, Cundinamarca,\u00a0Huila, Nari\u00f1o, Norte de Santander, Risaralda, Santander, Valle del Cauca y Bogot\u00e1, fueron preseleccionadas por sus experiencias exitosas y modelos de gesti\u00f3n bibliotecaria para aspirar al Premio Nacional de Bibliotecas P\u00fablicas \u201cDaniel Samper Ortega\u201d.<\/p>\n<p>El galard\u00f3n, creado por el Ministerio de Cultura, la Biblioteca Nacional de Colombia y la Red Nacional de Bibliotecas P\u00fablicas, busca destacar la importancia de las bibliotecas en la vida de las comunidades, incentivar la implementaci\u00f3n de est\u00e1ndares de calidad, promover la gesti\u00f3n bibliotecaria a nivel nacional y reconocer el papel que cumplen las bibliotecas como escenarios para el desarrollo de los municipios y el fomento de la lectura en las diferentes regiones del pa\u00eds.<\/p>\n<p>En esta segunda edici\u00f3n del Premio, creado en homenaje a la figura del intelectual y gestor cultural Daniel Samper Ortega, Director de la Biblioteca Nacional de Colombia entre 1931 y 1938,\u00a0se postularon un total de 171 bibliotecas p\u00fablicas, de 27 departamentos del pa\u00eds, destac\u00e1ndose de manera especial la participaci\u00f3n de San Andr\u00e9s y Providencia, Sucre, Magdalena, Guain\u00eda y Vaup\u00e9s, regiones que hicieron presencia por primera vez en el Premio.<\/p>\n<p>As\u00ed mismo, es relevante la participaci\u00f3n de bibliotecas p\u00fablicas de comunidades ind\u00edgenas, afrocolombianas, bibliotecas barriales y bibliotecas rurales que desarrollan procesos significativos desde lo local y son muestra de la consolidaci\u00f3n de redes de bibliotecas municipales y de ciudades capitales.<\/p>\n<p><strong>Las 22 preseleccionadas<\/strong><\/p>\n<p>Un comit\u00e9 especializado de la Biblioteca Nacional de Colombia evalu\u00f3 las 155 bibliotecas validadas en el proceso de verificaci\u00f3n de est\u00e1ndares de calidad y preseleccion\u00f3 22 bibliotecas p\u00fablicas, las cuales esperan ser escogidas como finalistas del Premio en cada una de sus categor\u00edas: bibliotecas grandes, medianas o peque\u00f1as; categor\u00edas que se determinaron mediante la ponderaci\u00f3n de tres variables: n\u00famero de vol\u00famenes con que cuenta cada biblioteca, \u00e1rea construida y puestos de lectura.<\/p>\n<p>En esta preselecci\u00f3n se tuvieron en cuenta aspectos como la representatividad del postulante, la prestaci\u00f3n de servicios en t\u00e9rminos de calidad, la gesti\u00f3n bibliotecaria y el impacto de los programas que las bibliotecas ofrecen.<\/p>\n<p>Las postulaciones deb\u00edan ser realizadas por las administraciones locales,\u00a0los alcaldes, los secretarios de educaci\u00f3n y\/o cultura, los concejos municipales y las asambleas departamentales, los grupos organizados de la comunidad, las instituciones p\u00fablicas o privadas, los grupos de amigos o usuarios de las bibliotecas, los clubes de lectura o las entidades educativas, culturales y sociales que se ven beneficiadas con los servicios de las bibliotecas.<\/p>\n<p><strong>Las 22 bibliotecas p\u00fablicas preseleccionadas son:<\/strong><\/p>\n<p><strong>Bibliotecas Peque\u00f1as<\/strong><\/p>\n<p>Biblioteca P\u00fablica Jorge Alberto Restrepo Trillos.\u00a0 Guatap\u00e9 (Antioquia)<br \/>\nBiblioteca P\u00fablica Municipal de El Cocuy. El Cocuy (Boyac\u00e1)<br \/>\nBiblioteca P\u00fablica Municipal de Toca. Toca (Boyac\u00e1)<br \/>\nBiblioteca P\u00fablica\u00a0 Sat\u00e9lite El Nevado. Manizales (Caldas)<br \/>\nBiblioteca P\u00fablica\u00a0 Misak Misak Ala Kusrei Ya. Silvia (Cauca)<br \/>\nBiblioteca P\u00fablica\u00a0\u00a0 Kankuaka. Valledupar (Cesar)<br \/>\nBiblioteca P\u00fablica\u00a0 Municipal de Istmina Abraham Ayala. Istmina (Choc\u00f3)<br \/>\nBiblioteca P\u00fablica\u00a0 San Gabriel. Sop\u00f3 (Cundinamarca)<br \/>\nBiblioteca P\u00fablica\u00a0 Municipal Monse\u00f1or Esteban Rojas. Pitalito (Huila)<br \/>\nBiblioteca P\u00fablica\u00a0 Municipal Cocuyos. Samaniego (Nari\u00f1o)<br \/>\nBiblioteca P\u00fablica\u00a0 Eduardo Cote Lamus. Toledo (Norte de Santander)<br \/>\nCentro Cultural y Biblioteca P\u00fablica Le\u00f3n de Greiff. Marsella (Risaralda)<\/p>\n<p><strong>Bibliotecas Medianas<\/strong><\/p>\n<p>Biblioteca P\u00fablica\u00a0 \u201cArturo y Roberto Restrepo\u201d Anserma (Caldas)<br \/>\nBiblioteca P\u00fablica\u00a0 Municipal Clara In\u00e9s Campos Perdomo. San Vicente del Cagu\u00e1n (Caquet\u00e1)<br \/>\nBiblioteca P\u00fablica\u00a0 Municipal de Ceret\u00e9 Rafael Milan\u00e9s Garc\u00eda. Ceret\u00e9 (C\u00f3rdoba)<br \/>\nBiblioteca P\u00fablica\u00a0 Centro Bicentenario Antonia Santos. Socorro (Santander)<br \/>\nBiblioteca P\u00fablica\u00a0 Municipal Central Did\u00e1ctica El Vallado. Cali (Valle del Cauca)<\/p>\n<p><strong>Bibliotecas Grandes<\/strong><\/p>\n<p>Parque Biblioteca Doce de Octubre. Medell\u00edn (Antioquia)<br \/>\nBiblioteca Piloto del Caribe. Barranquilla\u00a0 (Atl\u00e1ntico)<br \/>\nCentro Cultural Biblioteca P\u00fablica Julio Mario Santo Domingo. Bogot\u00e1 D.C.<br \/>\nCorporaci\u00f3n Biblioteca Rafael Carrillo Luquez. Valledupar (Cesar)<br \/>\nBiblioteca Departamental Jorge Garc\u00e9s Borrero. Cali (Valle del Cauca)<\/p>\n<p><strong>Pr\u00f3ximamente<\/strong><\/p>\n<p>Una terna de jurados designada por el Ministerio de Cultura seleccionar\u00e1 entre las 22 bibliotecas, tres bibliotecas finalistas por cada categor\u00eda. Posteriormente, se escoger\u00e1 una biblioteca por cada categor\u00eda y, entre ellas se elegir\u00e1 una \u00fanica biblioteca ganadora de la segunda edici\u00f3n del Premio Nacional de Bibliotecas P\u00fablicas \u201cDaniel Samper Ortega\u201d.<\/p>\n<p>La biblioteca ganadora recibir\u00e1 un est\u00edmulo econ\u00f3mico de $50.000.000, que deber\u00e1 ser destinado al fortalecimiento institucional de la misma biblioteca y una pasant\u00eda internacional en una red de bibliotecas del extranjero.<\/p>\n<p>El Ministerio de Cultura premiar\u00e1, adem\u00e1s, a dos bibliotecas finalistas con un reconocimiento de $15.000.000, los cuales deben ser destinados\u00a0 exclusivamente a su fortalecimiento. Asimismo, cada una de estas bibliotecas se har\u00e1 acreedora de una pasant\u00eda en alguna red de bibliotecas en el extranjero.<\/p>\n<p>El Ministerio de Cultura felicita a todas las bibliotecas participantes en esta segunda versi\u00f3n del Premio Nacional de Bibliotecas P\u00fablicas \u201cDaniel Samper Ortega\u201d 2015, agradece a las comunidades que mediante su postulaci\u00f3n hicieron visible la destacada gesti\u00f3n de las bibliotecas p\u00fablicas y mantiene su compromiso en el fortalecimiento de las bibliotecas p\u00fablicas del pa\u00eds.<\/p>\n<p>Biblioteca Nacional de Colombia<br \/>\nActividad Cultural y Divulgaci\u00f3n<\/p>\n<p>Fredy Avila Molina<br \/>\nEmail:\u00a0<a href=\"mailto:favila@mincultura.gov.co\"><b>favila@mincultura.gov.co<\/b><\/a><br \/>\nTwitter: @fredyavilam<br \/>\nTelefono fijo: (57-1) 3 816464\u00a0 Ext. 3181<br \/>\nCelular:\u00a0313 4566554<\/p>\n","protected":false},"excerpt":{"rendered":"<p>22 bibliotecas p\u00fablicas, ubicadas en 16 departamentos, aspiran a la segunda edici\u00f3n del Premio Nacional de Bibliotecas P\u00fablicas organizado por MinCultura y la Biblioteca Nacional de Colombia, en reconocimiento a la calidad en la gesti\u00f3n bibliotecaria. \u200b*80 millones de pesos, m\u00e1s pasant\u00edas en redes bibliotecarias del exterior, para los bibliotecarios,[&#8230;]<\/p>\n","protected":false},"author":1,"featured_media":5043,"comment_status":"open","ping_status":"open","sticky":false,"template":"","format":"standard","meta":{"footnotes":""},"categories":[4],"tags":[],"_links":{"self":[{"href":"https:\/\/emisora.univalle.edu.co\/index.php\/wp-json\/wp\/v2\/posts\/5061"}],"collection":[{"href":"https:\/\/emisora.univalle.edu.co\/index.php\/wp-json\/wp\/v2\/posts"}],"about":[{"href":"https:\/\/emisora.univalle.edu.co\/index.php\/wp-json\/wp\/v2\/types\/post"}],"author":[{"embeddable":true,"href":"https:\/\/emisora.univalle.edu.co\/index.php\/wp-json\/wp\/v2\/users\/1"}],"replies":[{"embeddable":true,"href":"https:\/\/emisora.univalle.edu.co\/index.php\/wp-json\/wp\/v2\/comments?post=5061"}],"version-history":[{"count":2,"href":"https:\/\/emisora.univalle.edu.co\/index.php\/wp-json\/wp\/v2\/posts\/5061\/revisions"}],"predecessor-version":[{"id":5063,"href":"https:\/\/emisora.univalle.edu.co\/index.php\/wp-json\/wp\/v2\/posts\/5061\/revisions\/5063"}],"wp:featuredmedia":[{"embeddable":true,"href":"https:\/\/emisora.univalle.edu.co\/index.php\/wp-json\/wp\/v2\/media\/5043"}],"wp:attachment":[{"href":"https:\/\/emisora.univalle.edu.co\/index.php\/wp-json\/wp\/v2\/media?parent=5061"}],"wp:term":[{"taxonomy":"category","embeddable":true,"href":"https:\/\/emisora.univalle.edu.co\/index.php\/wp-json\/wp\/v2\/categories?post=5061"},{"taxonomy":"post_tag","embeddable":true,"href":"https:\/\/emisora.univalle.edu.co\/index.php\/wp-json\/wp\/v2\/tags?post=5061"}],"curies":[{"name":"wp","href":"https:\/\/api.w.org\/{rel}","templated":true}]}}