{"id":5064,"date":"2015-07-02T15:44:07","date_gmt":"2015-07-02T20:44:07","guid":{"rendered":"https:\/\/emisora.univalle.edu.co\/\/?p=5064"},"modified":"2015-07-02T15:44:07","modified_gmt":"2015-07-02T20:44:07","slug":"se-prepara-la-temporada-de-ballenas-2015","status":"publish","type":"post","link":"https:\/\/emisora.univalle.edu.co\/index.php\/se-prepara-la-temporada-de-ballenas-2015\/","title":{"rendered":"Se prepara la Temporada de Ballenas 2015"},"content":{"rendered":"<p><span style=\"line-height: 1.5em;\">El Comit\u00e9 para la Temporada de Avistamiento de Ballenas 2015, del cual hace parte INCIVA, realiz\u00f3 del 22 al 26 de junio un curso corto con el fin de enriquecer el conocimiento de las personas que se desempe\u00f1an en Juanchaco como gu\u00edas tur\u00edsticos durante las temporadas de avistamiento de ballenas.<\/span><br \/>\nAs\u00ed lo confirm\u00f3 Jorge Carlos Figueroa Ortiz, quien inform\u00f3 que INCIVA se vincul\u00f3 en la capacitaci\u00f3n impartida a trav\u00e9s de una conferencia sobre Turismo Responsable en Ecosistemas de Bah\u00eda M\u00e1laga, que el bi\u00f3logo Germ\u00e1n Parra Valencia M.Sc Ecolog\u00eda del INCIVA, dict\u00f3 para un grupo de veintid\u00f3s personas en el sal\u00f3n del Consejo Comunitario de la Comunidad Negra de Juanchaco el pasado viernes 26 de junio.<\/p>\n<p>El curso toc\u00f3 temas como conservaci\u00f3n, mam\u00edferos acu\u00e1ticos, buenas pr\u00e1cticas de turismo, prestaci\u00f3n de servicios tur\u00edsticos, salvamento y rescate al igual que territorio y gobernanza, fue coordinado por la direcci\u00f3n del\u00a0 Parque Nacional Natural Uramba con la participaci\u00f3n de organizaciones y entidades como los Consejos Comunitarios de La Plata y Ladrilleros, la CVC, la Secretaria de Turismo de Buenaventura, Guardacostas Buenaventura, el Consejo Comunitario de la Comunidad Negra de Juanchaco y un representante de los hoteleros de Juanchaco y Ladrilleros.<\/p>\n<p>Fuente: Comunicaciones Gobernaci\u00f3n<\/p>\n","protected":false},"excerpt":{"rendered":"<p>El Comit\u00e9 para la Temporada de Avistamiento de Ballenas 2015, del cual hace parte INCIVA, realiz\u00f3 del 22 al 26 de junio un curso corto con el fin de enriquecer el conocimiento de las personas que se desempe\u00f1an en Juanchaco como gu\u00edas tur\u00edsticos durante las temporadas de avistamiento de ballenas.[&#8230;]<\/p>\n","protected":false},"author":1,"featured_media":5037,"comment_status":"open","ping_status":"open","sticky":false,"template":"","format":"standard","meta":{"footnotes":""},"categories":[4],"tags":[],"_links":{"self":[{"href":"https:\/\/emisora.univalle.edu.co\/index.php\/wp-json\/wp\/v2\/posts\/5064"}],"collection":[{"href":"https:\/\/emisora.univalle.edu.co\/index.php\/wp-json\/wp\/v2\/posts"}],"about":[{"href":"https:\/\/emisora.univalle.edu.co\/index.php\/wp-json\/wp\/v2\/types\/post"}],"author":[{"embeddable":true,"href":"https:\/\/emisora.univalle.edu.co\/index.php\/wp-json\/wp\/v2\/users\/1"}],"replies":[{"embeddable":true,"href":"https:\/\/emisora.univalle.edu.co\/index.php\/wp-json\/wp\/v2\/comments?post=5064"}],"version-history":[{"count":1,"href":"https:\/\/emisora.univalle.edu.co\/index.php\/wp-json\/wp\/v2\/posts\/5064\/revisions"}],"predecessor-version":[{"id":5065,"href":"https:\/\/emisora.univalle.edu.co\/index.php\/wp-json\/wp\/v2\/posts\/5064\/revisions\/5065"}],"wp:featuredmedia":[{"embeddable":true,"href":"https:\/\/emisora.univalle.edu.co\/index.php\/wp-json\/wp\/v2\/media\/5037"}],"wp:attachment":[{"href":"https:\/\/emisora.univalle.edu.co\/index.php\/wp-json\/wp\/v2\/media?parent=5064"}],"wp:term":[{"taxonomy":"category","embeddable":true,"href":"https:\/\/emisora.univalle.edu.co\/index.php\/wp-json\/wp\/v2\/categories?post=5064"},{"taxonomy":"post_tag","embeddable":true,"href":"https:\/\/emisora.univalle.edu.co\/index.php\/wp-json\/wp\/v2\/tags?post=5064"}],"curies":[{"name":"wp","href":"https:\/\/api.w.org\/{rel}","templated":true}]}}