{"id":5083,"date":"2015-07-03T14:08:09","date_gmt":"2015-07-03T19:08:09","guid":{"rendered":"https:\/\/emisora.univalle.edu.co\/\/?p=5083"},"modified":"2015-07-03T14:08:09","modified_gmt":"2015-07-03T19:08:09","slug":"en-el-dia-del-guardian-inpec-condecoro-al-gobernador-ubeimar-delgado-y-alcaldia-de-cali","status":"publish","type":"post","link":"https:\/\/emisora.univalle.edu.co\/index.php\/en-el-dia-del-guardian-inpec-condecoro-al-gobernador-ubeimar-delgado-y-alcaldia-de-cali\/","title":{"rendered":"En el \u201cD\u00eda del Guardi\u00e1n\u201d Inpec condecor\u00f3 al Gobernador Ubeimar Delgado y Alcald\u00eda de Cali"},"content":{"rendered":"<p><span style=\"line-height: 1.5em;\">En el marco de la conmemoraci\u00f3n del d\u00eda del guardi\u00e1n que se celebra cada 29 de junio el Instituto Nacional Penitenciario y Carcelario Inpec condecor\u00f3 al gobernador del Valle del Cauca Ubeimar Delgado Bland\u00f3n con el distintivo servicios Distinguidos Categor\u00eda Especial por el respaldo incondicional a la instituci\u00f3n. El reconocimiento fue recibido por el gobernador (e) Luis Fernando Mart\u00ednez Arce.<\/span><br \/>\nEl gobernador (e) del Valle del Cauca Luis Fernando Mart\u00ednez dijo que es un honor recibir esta condecoraci\u00f3n que es fruto del agradecimiento al mandatario departamental Ubeimar Delgado por toda la ayuda que ha hecho a esta instituci\u00f3n que vela por salvaguardar la seguridad en los centros de reclusi\u00f3n del departamento y del pa\u00eds.<\/p>\n<p>Dentro de la celebraci\u00f3n del D\u00eda del Guardi\u00e1n, la Alcald\u00eda de Santiago de Cali y la Secretar\u00eda de Gobierno y Convivencia de esta capital tambi\u00e9n fueron exaltadas por Inpec en la ceremonia.<\/p>\n<p>La titular de la cartera municipal de gobierno, Laura Beatriz Lugo Mar\u00edn se\u00f1al\u00f3 que este es un reconocimiento muy importante para la Administraci\u00f3n Municipal, pues siempre el alcalde Rodrigo Guerrero ha estado en disposici\u00f3n de apoyar la instituci\u00f3n.<\/p>\n<p>\u201cNosotros desde el gobierno local hemos coadyuvado en la ejecuci\u00f3n de obras de adecuaci\u00f3n en la c\u00e1rcel de Villahermosa, as\u00ed como en la realizaci\u00f3n de capacitaciones para los reclusos y aportes log\u00edsticos que les permiten sobrellevar las condenas y mejorar las condiciones para favorecer la dignidad de esas personas\u201d, manifest\u00f3.<\/p>\n<p>El director de la Sede Regional occidente del Inpec Oswaldo Bernal S\u00e1nchez dijo que est\u00e9 reconocimiento se hace a todas las entidades que de manera decidida han aportado a la construcci\u00f3n de una buna sociedad y\u00a0 a la consolidaci\u00f3n de la naci\u00f3n.<\/p>\n<p>\u201cA nivel nacional, por m\u00e1s de 22 a\u00f1os la guardia penitenciaria ha prestado la atenci\u00f3n necesaria y el tratamiento oportuna a la poblaci\u00f3n carcelaria del pa\u00eds\u201d, asever\u00f3 el funcionario.<\/p>\n<p>En la ceremonia como es costumbre el Inpec tambi\u00e9n condecor\u00f3 a los funcionarios que por sus acciones fueron merecedores de los galardones de servicios distinguidos, medalla al valor y mejores funcionarios de toda la regi\u00f3n.<\/p>\n<p>As\u00ed mismo, la secretaria de Gobierno de Cali, Laura Beatriz Lugo Mar\u00edn precis\u00f3 que la Administraci\u00f3n cale\u00f1a destin\u00f3 entre 2013 y 2014 recursos del orden de los $350 millones para la adquisici\u00f3n de veh\u00edculos para el Inpec, mientras que en el 2014 se efectu\u00f3 un aporte de $500 millones para la adecuaci\u00f3n de la c\u00e1rcel de varones de Villanueva y en este 2015, se tienen proyectados otros $1000 millones para realizar nuevas adecuaciones.<\/p>\n<p>Bernal S\u00e1nchez record\u00f3 que en la regional occidente &#8211; \u00e1rea a su cargo-, se tiene un registro de 25.324 internos y en la c\u00e1rcel de Villahermosa de Cali se tienen 6157, de los cuales est\u00e1n sindicados 3585 y condenados 2572. Anot\u00f3 que de acuerdo con los registros en los \u00faltimos a\u00f1os queda demostrado que mientras un recluso queda en libertad, ingresan 3.<\/p>\n<p>Durante esta jornada tambi\u00e9n fueron condecorados varios miembros del cuerpo de guardas.<\/p>\n<p>Fuente: Comunicaciones Gobernaci\u00f3n y Alcald\u00eda<\/p>\n","protected":false},"excerpt":{"rendered":"<p>En el marco de la conmemoraci\u00f3n del d\u00eda del guardi\u00e1n que se celebra cada 29 de junio el Instituto Nacional Penitenciario y Carcelario Inpec condecor\u00f3 al gobernador del Valle del Cauca Ubeimar Delgado Bland\u00f3n con el distintivo servicios Distinguidos Categor\u00eda Especial por el respaldo incondicional a la instituci\u00f3n. El reconocimiento[&#8230;]<\/p>\n","protected":false},"author":1,"featured_media":5078,"comment_status":"open","ping_status":"open","sticky":false,"template":"","format":"standard","meta":{"footnotes":""},"categories":[4],"tags":[],"_links":{"self":[{"href":"https:\/\/emisora.univalle.edu.co\/index.php\/wp-json\/wp\/v2\/posts\/5083"}],"collection":[{"href":"https:\/\/emisora.univalle.edu.co\/index.php\/wp-json\/wp\/v2\/posts"}],"about":[{"href":"https:\/\/emisora.univalle.edu.co\/index.php\/wp-json\/wp\/v2\/types\/post"}],"author":[{"embeddable":true,"href":"https:\/\/emisora.univalle.edu.co\/index.php\/wp-json\/wp\/v2\/users\/1"}],"replies":[{"embeddable":true,"href":"https:\/\/emisora.univalle.edu.co\/index.php\/wp-json\/wp\/v2\/comments?post=5083"}],"version-history":[{"count":1,"href":"https:\/\/emisora.univalle.edu.co\/index.php\/wp-json\/wp\/v2\/posts\/5083\/revisions"}],"predecessor-version":[{"id":5084,"href":"https:\/\/emisora.univalle.edu.co\/index.php\/wp-json\/wp\/v2\/posts\/5083\/revisions\/5084"}],"wp:featuredmedia":[{"embeddable":true,"href":"https:\/\/emisora.univalle.edu.co\/index.php\/wp-json\/wp\/v2\/media\/5078"}],"wp:attachment":[{"href":"https:\/\/emisora.univalle.edu.co\/index.php\/wp-json\/wp\/v2\/media?parent=5083"}],"wp:term":[{"taxonomy":"category","embeddable":true,"href":"https:\/\/emisora.univalle.edu.co\/index.php\/wp-json\/wp\/v2\/categories?post=5083"},{"taxonomy":"post_tag","embeddable":true,"href":"https:\/\/emisora.univalle.edu.co\/index.php\/wp-json\/wp\/v2\/tags?post=5083"}],"curies":[{"name":"wp","href":"https:\/\/api.w.org\/{rel}","templated":true}]}}