{"id":5088,"date":"2015-07-03T14:13:06","date_gmt":"2015-07-03T19:13:06","guid":{"rendered":"https:\/\/emisora.univalle.edu.co\/\/?p=5088"},"modified":"2015-07-03T14:13:06","modified_gmt":"2015-07-03T19:13:06","slug":"el-censo-inmobiliario-rural-trabaja-toda-marcha-para-cumplirle-la-ciudad","status":"publish","type":"post","link":"https:\/\/emisora.univalle.edu.co\/index.php\/el-censo-inmobiliario-rural-trabaja-toda-marcha-para-cumplirle-la-ciudad\/","title":{"rendered":"El Censo Inmobiliario Rural trabaja a toda marcha para cumplirle a la ciudad"},"content":{"rendered":"<p><span style=\"line-height: 1.5em;\">Ya entraron en vigencia los cuatro Actos Administrativos que ordenaron la ejecuci\u00f3n del proceso de actualizaci\u00f3n de la formaci\u00f3n catastral en los 15 corregimientos del \u00e1rea rural de Cali, de acuerdo con los art\u00edculos 78 y 79 de la Resoluci\u00f3n 70 de 2011.<\/span><\/p>\n<p>De acuerdo con esta norma, dichos actos fueron debidamente publicados en el bolet\u00edn oficial de la p\u00e1gina web de la Alcald\u00eda y divulgada a la comunidad a trav\u00e9s del Diario Occidente, un peri\u00f3dico que tiene alta circulaci\u00f3n en el municipio.<\/p>\n<p>\u201cLuego de que se emitieran las resoluciones para arrancar con el censo en la zona rural, un grupo de reconocedores inici\u00f3 en febrero el reconocimiento predial, registrando las modificaciones de los predios en \u00e1rea o destino y observando las construcciones\u201d, indic\u00f3 la Subdirectora de Catastro, Sandra Samac\u00e1.<\/p>\n<p>Hasta el momento, se han reconocido cinco corregimientos y actualmente se est\u00e1 adelantando el operativo en La Buitrera.<\/p>\n<p>Golondrinas &#8211; 1.218 predios visitados, 179 construcciones nuevas<br \/>\nMontebello &#8211; 3.927 predios visitados, 440 construcciones nuevas<br \/>\nEl Hormiguero &#8211; 2.114 predios visitados, 133 construcciones nuevas<br \/>\nNavarro \u2013 3.538 predios visitados, 1.464 construcciones nuevas<br \/>\nPance \u2013 1.440 predios visitados, 44 construcciones nuevas.<\/p>\n<p><strong>\u00bfQui\u00e9nes vienen trabajando con Catastro?<\/strong><\/p>\n<p>Las 23 Notar\u00edas del C\u00edrculo de Cali<\/p>\n<p>La oficina de Registro e Instrumentos P\u00fablicos<\/p>\n<p>Juntas Administradoras locales y Juntas de Acci\u00f3n Comunal.<\/p>\n<p>Las notar\u00edas de la ciudad y la oficina de registro, le han facilitado a Catastro las escrituras p\u00fablicas y las matr\u00edculas inmobiliarias de los predios rurales que han requerido estudio jur\u00eddico, con el fin de consolidar y depurar la informaci\u00f3n.<\/p>\n<p><strong>\u00bfC\u00f3mo se ha enterado la comunidad del censo rural?<\/strong><\/p>\n<p>Desde el a\u00f1o pasado se han realizado 44 reuniones informativas preliminares, con 1.527 asistentes, entre habitantes, l\u00edderes y autoridades administrativas del municipio.\u00a0 En lo que va del 2015 se han llevado a cabo 23 reuniones con 787 asistentes.<\/p>\n<p>En el 2015, la actualizaci\u00f3n del censo se ha anunciado a trav\u00e9s de diferentes medios masivos como carta dirigida a cada propietario, p\u00e1gina web de la alcald\u00eda, radio, televisi\u00f3n, afiches, volantes y perifoneo; no s\u00f3lo para informar sobre el operativo de reconocimiento, sino para convocar a las reuniones programadas con la comunidad de cada corregimiento.<\/p>\n<p>Las 34 jornadas de recolecci\u00f3n de documentos que iniciaron desde el 2014, han permitido hasta entonces, la atenci\u00f3n de 3.042 personas, con el objetivo de obtener la informaci\u00f3n jur\u00eddica de los predios para depurar la base de datos catastral, evitando el desplazamiento de los residentes de la zona rural\u00a0 al Centro Administrativo Municipal &#8211; CAM.<\/p>\n<p><strong>Actualmente el funcionario de Catastro estar\u00e1 ubicado en La Buitrera y sus diferentes sectores:<\/strong><\/p>\n<p>\u2022 30 junio y 1 al 3 de julio \u2013 Cabecera, oficina del corregidor<br \/>\n\u2022 6 al 10 julio \u2013 La Luisa, sede comunal<br \/>\n\u2022 13 al 17 julio \u2013 La Sirena, Acuasirena<br \/>\n\u2022 21 al 24 julio \u2013 La Esperanza, sede comunal<\/p>\n<p>Fuente: Comunicaciones Alcald\u00eda.<\/p>\n","protected":false},"excerpt":{"rendered":"<p>Ya entraron en vigencia los cuatro Actos Administrativos que ordenaron la ejecuci\u00f3n del proceso de actualizaci\u00f3n de la formaci\u00f3n catastral en los 15 corregimientos del \u00e1rea rural de Cali, de acuerdo con los art\u00edculos 78 y 79 de la Resoluci\u00f3n 70 de 2011. De acuerdo con esta norma, dichos actos[&#8230;]<\/p>\n","protected":false},"author":1,"featured_media":5075,"comment_status":"open","ping_status":"open","sticky":false,"template":"","format":"standard","meta":{"footnotes":""},"categories":[4],"tags":[],"_links":{"self":[{"href":"https:\/\/emisora.univalle.edu.co\/index.php\/wp-json\/wp\/v2\/posts\/5088"}],"collection":[{"href":"https:\/\/emisora.univalle.edu.co\/index.php\/wp-json\/wp\/v2\/posts"}],"about":[{"href":"https:\/\/emisora.univalle.edu.co\/index.php\/wp-json\/wp\/v2\/types\/post"}],"author":[{"embeddable":true,"href":"https:\/\/emisora.univalle.edu.co\/index.php\/wp-json\/wp\/v2\/users\/1"}],"replies":[{"embeddable":true,"href":"https:\/\/emisora.univalle.edu.co\/index.php\/wp-json\/wp\/v2\/comments?post=5088"}],"version-history":[{"count":1,"href":"https:\/\/emisora.univalle.edu.co\/index.php\/wp-json\/wp\/v2\/posts\/5088\/revisions"}],"predecessor-version":[{"id":5089,"href":"https:\/\/emisora.univalle.edu.co\/index.php\/wp-json\/wp\/v2\/posts\/5088\/revisions\/5089"}],"wp:featuredmedia":[{"embeddable":true,"href":"https:\/\/emisora.univalle.edu.co\/index.php\/wp-json\/wp\/v2\/media\/5075"}],"wp:attachment":[{"href":"https:\/\/emisora.univalle.edu.co\/index.php\/wp-json\/wp\/v2\/media?parent=5088"}],"wp:term":[{"taxonomy":"category","embeddable":true,"href":"https:\/\/emisora.univalle.edu.co\/index.php\/wp-json\/wp\/v2\/categories?post=5088"},{"taxonomy":"post_tag","embeddable":true,"href":"https:\/\/emisora.univalle.edu.co\/index.php\/wp-json\/wp\/v2\/tags?post=5088"}],"curies":[{"name":"wp","href":"https:\/\/api.w.org\/{rel}","templated":true}]}}