{"id":5098,"date":"2015-07-03T14:22:37","date_gmt":"2015-07-03T19:22:37","guid":{"rendered":"https:\/\/emisora.univalle.edu.co\/\/?p=5098"},"modified":"2015-07-03T14:24:44","modified_gmt":"2015-07-03T19:24:44","slug":"en-la-plaza-de-caycedo-se-rindio-homenaje-procer-de-la-independencia-de-cali","status":"publish","type":"post","link":"https:\/\/emisora.univalle.edu.co\/index.php\/en-la-plaza-de-caycedo-se-rindio-homenaje-procer-de-la-independencia-de-cali\/","title":{"rendered":"En la plaza de Caycedo se rindi\u00f3 homenaje al pr\u00f3cer de la Independencia de Cali"},"content":{"rendered":"<p><span style=\"line-height: 1.5em;\">Cali engalan\u00f3 su plaza central para rendir\u00a0 homenaje a Joaqu\u00edn de Caycedo y Cuero como pr\u00f3cer de la Independencia de nuestra ciudad, al igual que a todos los soldados\u00a0 que hicieron parte del principio del nacionalismo criollo gestado de manera pionera en la capital del Valle.<\/span><\/p>\n<p>La ofrenda floral form\u00f3 parte de los actos de conmemoraci\u00f3n del grito de independencia de Cali, este viernes 3 de Julio.<\/p>\n<p>El Alcalde de Cali, Rodrigo Guerrero Velasco, la Junta Directiva del Concejo de Cali, encabezada por la Concejal Clementina V\u00e9lez y el presidente de la Academia de Historia hicieron las ofrendas florales.<\/p>\n<p>Los himnos interpretados por el Batall\u00f3n de Polic\u00eda # 3 fueron el marco para que cientos de cale\u00f1os que rodearon el busto del pr\u00f3cer colombiano, dieran manifestaciones de orgullo y sentimiento patrio.<\/p>\n<p>Las tres ofrendas florales llenas de lirios y rosas acompa\u00f1ar\u00e1n una placa que en honor de los participantes de la gesta de independencia se develar\u00e1 pr\u00f3ximamente.<\/p>\n<p>\u201cEsta fecha es muy importante y por muchos a\u00f1os estuvo olvidada por los cale\u00f1os.<\/p>\n<p>El 3 de Julio de 1810, se decret\u00f3 la independencia de Espa\u00f1a, anticip\u00e1ndonos 17 d\u00edas a la independencia nacional. Adem\u00e1s muchos de los que hicieron ese acto pagaron con su vida ese acto. De modo que Cali, el Valle y Cauca tuvieron papel protag\u00f3nico important\u00edsimo en la independencia y ello es motivo de orgullo para nosotros\u201d manifest\u00f3 el Alcalde, Rodrigo Guerrero Velasco.<\/p>\n<p>Indic\u00f3 que se encuentra muy comprometido con la fecha y con las actividades que permitan hacer el reconocimiento perenne a los pr\u00f3ceres.<\/p>\n<p>Se\u00f1al\u00f3 que es muy importante que en Cali se conserven las tradiciones, \u201cesperamos que Cali siga siendo pionero en todos los procesos, como por ejemplo el proceso de paz, con la reinserci\u00f3n\u00a0 social y hacer gala a la frase de nuestro himno premonitorio: nuestros padres ganaron la guerra y nosotros ganamos la paz\u201d anot\u00f3 el mandatario de los cale\u00f1os.<\/p>\n<p>En el mismo sentido se pronunci\u00f3 Luis Antonio Cu\u00e9llar, presidente de la Academia de Historia del Valle al se\u00f1alar que \u201ces muy significativo que Cali se haya anticipado a la historia, pero lo que pasa es que hemos estado ignorados y por ello debemos trabajar para que todos tengan muy claro la importancia de este hecho\u201d subray\u00f3.<\/p>\n<p>Recalc\u00f3 que aqu\u00ed se hizo la primera concentraci\u00f3n de seis ciudades para organizar un ej\u00e9rcito y enfrentar al gobernador que desde Popay\u00e1n los ten\u00eda acosados, requisando y molestando a cualquier familia de la Villa de Cali.<\/p>\n<p>\u201cNosotros somos ejemplos, no hicimos patria boba, ni hicimos guerra entre nosotros, sab\u00edamos que quer\u00edamos y c\u00f3mo por eso el himno dice que es la precursora de la independencia\u201d relat\u00f3.<\/p>\n<p>Para el historiador es necesario rescatar la gloria que tiene Cali y empezar a conformar y adecuar programas con los colegios para que se mantenga la historia intacta y el orgullo intacto en los cale\u00f1os. Se\u00f1al\u00f3 que todo se acompa\u00f1ar\u00e1 de charlas de car\u00e1cter hist\u00f3rico.<\/p>\n<p>Fuente: Comunicaciones Alcald\u00eda<\/p>\n","protected":false},"excerpt":{"rendered":"<p>Cali engalan\u00f3 su plaza central para rendir\u00a0 homenaje a Joaqu\u00edn de Caycedo y Cuero como pr\u00f3cer de la Independencia de nuestra ciudad, al igual que a todos los soldados\u00a0 que hicieron parte del principio del nacionalismo criollo gestado de manera pionera en la capital del Valle. La ofrenda floral form\u00f3[&#8230;]<\/p>\n","protected":false},"author":1,"featured_media":5099,"comment_status":"open","ping_status":"open","sticky":false,"template":"","format":"standard","meta":{"footnotes":""},"categories":[4],"tags":[],"_links":{"self":[{"href":"https:\/\/emisora.univalle.edu.co\/index.php\/wp-json\/wp\/v2\/posts\/5098"}],"collection":[{"href":"https:\/\/emisora.univalle.edu.co\/index.php\/wp-json\/wp\/v2\/posts"}],"about":[{"href":"https:\/\/emisora.univalle.edu.co\/index.php\/wp-json\/wp\/v2\/types\/post"}],"author":[{"embeddable":true,"href":"https:\/\/emisora.univalle.edu.co\/index.php\/wp-json\/wp\/v2\/users\/1"}],"replies":[{"embeddable":true,"href":"https:\/\/emisora.univalle.edu.co\/index.php\/wp-json\/wp\/v2\/comments?post=5098"}],"version-history":[{"count":2,"href":"https:\/\/emisora.univalle.edu.co\/index.php\/wp-json\/wp\/v2\/posts\/5098\/revisions"}],"predecessor-version":[{"id":5102,"href":"https:\/\/emisora.univalle.edu.co\/index.php\/wp-json\/wp\/v2\/posts\/5098\/revisions\/5102"}],"wp:featuredmedia":[{"embeddable":true,"href":"https:\/\/emisora.univalle.edu.co\/index.php\/wp-json\/wp\/v2\/media\/5099"}],"wp:attachment":[{"href":"https:\/\/emisora.univalle.edu.co\/index.php\/wp-json\/wp\/v2\/media?parent=5098"}],"wp:term":[{"taxonomy":"category","embeddable":true,"href":"https:\/\/emisora.univalle.edu.co\/index.php\/wp-json\/wp\/v2\/categories?post=5098"},{"taxonomy":"post_tag","embeddable":true,"href":"https:\/\/emisora.univalle.edu.co\/index.php\/wp-json\/wp\/v2\/tags?post=5098"}],"curies":[{"name":"wp","href":"https:\/\/api.w.org\/{rel}","templated":true}]}}