{"id":5109,"date":"2015-07-03T15:14:33","date_gmt":"2015-07-03T20:14:33","guid":{"rendered":"https:\/\/emisora.univalle.edu.co\/\/?p=5109"},"modified":"2015-07-03T15:14:33","modified_gmt":"2015-07-03T20:14:33","slug":"gran-final-del-concurso-en-cali-se-baila-asi-este-sabado-4-de-julio","status":"publish","type":"post","link":"https:\/\/emisora.univalle.edu.co\/index.php\/gran-final-del-concurso-en-cali-se-baila-asi-este-sabado-4-de-julio\/","title":{"rendered":"Gran final del Concurso, En Cali se Baila As\u00ed, este s\u00e1bado 4 de julio"},"content":{"rendered":"<p>&nbsp;<\/p>\n<p>La 2\u00aa Bienal Internacional de Danza a trav\u00e9s de su gerente Fabiola Perdomo, invita a la comunidad en general a la gran Final de las eliminatorias del Concurso \u2018En Cali se baila as\u00ed\u2019\u00a0 que se llevar\u00e1 a cabo este s\u00e1bado 4 de Julio a partir de las 4:00 pm en el Teatro al aire libre \u2018Los Cristales\u2019, donde se podr\u00e1 observar en escena los cinco grupos clasificados en cada una de las modalidades; Folclor Nacional, Salsa estilo cale\u00f1o y Danza Urbana, para lo cual se ha dispuesto de un jurado nacional integrado por : Sarah Storer (Bogot\u00e1), Indira Perea y Mar\u00eda Rovira (Medell\u00edn), Giovanni Gallego (Cali) y Juan Pablo L\u00f3pez (Ministerio de Cultura). El concurso ha sido producido por Corfecali.<\/p>\n<p>Los ganadores estar\u00e1n en la Apertura de la 2\u00aa Bienal Internacional de Danza de Cali, el 6 de Noviembre, como acto central de este evento que se realizara hasta el 14 de noviembre.<\/p>\n<p>La presidente de la Bienal, Amparo Sinisterra de Carvajal, reconoci\u00f3 el desempe\u00f1o de las compa\u00f1\u00edas danc\u00edsticas que han participado y les motiva a continuar apoyando el proceso de la Apertura de la 2\u00aa Bienal Internacional de Danza Cali 2015.<\/p>\n<p><strong>Los finalistas por modalidad son:<\/strong><\/p>\n<p><strong>Folclor Nacional<\/strong>:<br \/>\n\u2022 \u00d8\u00a0 Compa\u00f1\u00eda Art\u00edstica \u2018Danzar\u2019<br \/>\n\u2022 \u00d8\u00a0 Danzas Folcl\u00f3ricas \u2018El Chinchorro\u2019<br \/>\n\u2022 \u00d8\u00a0 Fundaci\u00f3n Ra\u00edces Folcl\u00f3ricas<br \/>\n\u2022 \u00d8\u00a0 Fundaci\u00f3n Art\u00edstica \u2018Danza Folk\u2019<br \/>\n\u2022 \u00d8\u00a0 Jolgorio Folcl\u00f3rico<\/p>\n<p><strong>Salsa Estilo Cale\u00f1o:<\/strong><br \/>\n\u2022 \u00d8\u00a0 Swing Latino<br \/>\n\u2022 \u00d8\u00a0 Nueva Dimensi\u00f3n<br \/>\n\u2022 \u00d8\u00a0 Senfol<br \/>\n\u2022 \u00d8\u00a0 Pioneros del Ritmo ONG<br \/>\n\u2022 \u00d8\u00a0 Sondeluz<\/p>\n<p><strong>Danza Urbana:<\/strong><br \/>\n\u2022 \u00d8\u00a0 The Black Windows<br \/>\n\u2022 \u00d8\u00a0 Free Style Dance<br \/>\n\u2022 \u00d8\u00a0 Green Wall<br \/>\n\u2022 \u00d8\u00a0 Drivers Crew<br \/>\n\u2022 \u00d8\u00a0 Star Fusion<br \/>\nLa\u00a0 Bienal\u00a0 Internacional\u00a0 de Danza de Cali cuenta con el apoyo del Ministerio de Cultura y la Alcald\u00eda de Cali, a trav\u00e9s de la Secretar\u00eda de Cultura y Turismo.<\/p>\n<p>Fuente: Comunicaciones Alcald\u00eda.<\/p>\n","protected":false},"excerpt":{"rendered":"<p>&nbsp; La 2\u00aa Bienal Internacional de Danza a trav\u00e9s de su gerente Fabiola Perdomo, invita a la comunidad en general a la gran Final de las eliminatorias del Concurso \u2018En Cali se baila as\u00ed\u2019\u00a0 que se llevar\u00e1 a cabo este s\u00e1bado 4 de Julio a partir de las 4:00 pm[&#8230;]<\/p>\n","protected":false},"author":1,"featured_media":5074,"comment_status":"open","ping_status":"open","sticky":false,"template":"","format":"standard","meta":{"footnotes":""},"categories":[4],"tags":[],"_links":{"self":[{"href":"https:\/\/emisora.univalle.edu.co\/index.php\/wp-json\/wp\/v2\/posts\/5109"}],"collection":[{"href":"https:\/\/emisora.univalle.edu.co\/index.php\/wp-json\/wp\/v2\/posts"}],"about":[{"href":"https:\/\/emisora.univalle.edu.co\/index.php\/wp-json\/wp\/v2\/types\/post"}],"author":[{"embeddable":true,"href":"https:\/\/emisora.univalle.edu.co\/index.php\/wp-json\/wp\/v2\/users\/1"}],"replies":[{"embeddable":true,"href":"https:\/\/emisora.univalle.edu.co\/index.php\/wp-json\/wp\/v2\/comments?post=5109"}],"version-history":[{"count":1,"href":"https:\/\/emisora.univalle.edu.co\/index.php\/wp-json\/wp\/v2\/posts\/5109\/revisions"}],"predecessor-version":[{"id":5110,"href":"https:\/\/emisora.univalle.edu.co\/index.php\/wp-json\/wp\/v2\/posts\/5109\/revisions\/5110"}],"wp:featuredmedia":[{"embeddable":true,"href":"https:\/\/emisora.univalle.edu.co\/index.php\/wp-json\/wp\/v2\/media\/5074"}],"wp:attachment":[{"href":"https:\/\/emisora.univalle.edu.co\/index.php\/wp-json\/wp\/v2\/media?parent=5109"}],"wp:term":[{"taxonomy":"category","embeddable":true,"href":"https:\/\/emisora.univalle.edu.co\/index.php\/wp-json\/wp\/v2\/categories?post=5109"},{"taxonomy":"post_tag","embeddable":true,"href":"https:\/\/emisora.univalle.edu.co\/index.php\/wp-json\/wp\/v2\/tags?post=5109"}],"curies":[{"name":"wp","href":"https:\/\/api.w.org\/{rel}","templated":true}]}}