{"id":5111,"date":"2015-07-03T15:20:33","date_gmt":"2015-07-03T20:20:33","guid":{"rendered":"https:\/\/emisora.univalle.edu.co\/\/?p=5111"},"modified":"2015-07-03T15:28:04","modified_gmt":"2015-07-03T20:28:04","slug":"cambio-climatico","status":"publish","type":"post","link":"https:\/\/emisora.univalle.edu.co\/index.php\/cambio-climatico\/","title":{"rendered":"Jornadas Educativas Frente al Cambio Clim\u00e1tico. Ahorrar agua"},"content":{"rendered":"<p>El Departamento Administrativo de Gesti\u00f3n del Medio Ambiente-DAGMA, a trav\u00e9s de los grupos de Educaci\u00f3n Ambiental y Gesti\u00f3n del Riesgo, vienen realizando capacitaciones a instituciones educativas y comit\u00e9s comunitarios con el fin de abordar tem\u00e1ticas como el uso eficiente y ahorro del agua, y la prevenci\u00f3n de incendios forestales.<\/p>\n<p>\u201cEl objetivo de estas capacitaciones es hacer conciencia en los ni\u00f1os y j\u00f3venes sobre el valor ecol\u00f3gico y social del agua, el estado de las cuencas proveedoras del agua a la ciudad, el proceso de potabilizaci\u00f3n, igualmente compartimos las estad\u00edsticas mundiales de habitantes sin agua potable y sus consecuencias como una forma de alertar y sean m\u00e1s tolerantes con el desperdicio de agua. Finalmente les damos concejos pr\u00e1cticos para ahorrar y usar eficientemente el agua en el uso dom\u00e9stico\u201d .Dijo Jorge Mogoll\u00f3n del grupo de Educaci\u00f3n Ambiental y Participaci\u00f3n Ciudadana.<\/p>\n<p>Algunas de las instituciones educativas que han recibido este tipo de capacitaciones son Libardo Madrid Valderrama, Luis Medina, Miguel de Pombo, Monse\u00f1or Arcila, Nelson Mandela, Las Am\u00e9ricas y Farallones. Estas jornadas se realizan tanto en instituciones p\u00fablicas como privadas y se recomienda a las directivas y docentes que sigan generando conciencia dentro de las jornadas educativas y que revisen las bater\u00edas\u00a0 y llaves de ba\u00f1os con el fin de evitar fugas y desperdicio del vital l\u00edquido.<\/p>\n<p>Por otro lado el grupo de Gesti\u00f3n del Riesgo, viene trabajando con l\u00edderes comunitarios y habitantes de las zonas cercanas a los cerros, con el fin de capacitarlos en alertas tempranas de incendios forestales y c\u00f3mo prevenirlos \u201cPrecisamente durante este segundo periodo del a\u00f1o ejecutaremos un convenio con CVC con el fin de seguir propiciando estos acercamientos con la comunidad a trav\u00e9s de talleres que nos permita como autoridad ambiental de Cali, trabajar en acciones preventivas de incendios forestales con las comunidades que viven cerca a estas zonas monta\u00f1osas de la ciudad, igualmente realizar simulacros y acercar a las instituciones educativas ubicadas en estos sectores, pues los ni\u00f1os y los j\u00f3venes son los mejores replicadores de informaci\u00f3n en este tipo de actividades\u201d mencion\u00f3 Miguel \u00c1ngel Piragauta del grupo Gesti\u00f3n del Riesgo.<\/p>\n<p>El DAGMA invita a la comunidad cale\u00f1a a seguir algunas recomendaciones en el uso eficiente y ahorro del agua y en la prevenci\u00f3n de incendios forestales para aplicarlas no s\u00f3lo durante estas oleadas de calor sino para que se conviertan en acciones habituales:<\/p>\n<table border=\"1\" cellspacing=\"0\" cellpadding=\"0\" align=\"left\">\n<tbody>\n<tr>\n<td width=\"557\">\n<h1><strong>\u00bfC\u00f3mo ayudamos a ahorrar agua?<\/strong><\/h1>\n<\/td>\n<\/tr>\n<tr>\n<td width=\"557\">-Revise todos los grifos y duchas que goteen, en lo posible c\u00e1mbialos por sistemas\u00a0 monomando.<\/td>\n<\/tr>\n<tr>\n<td width=\"557\">-Riega las plantas y jardines al anochecer o amanecer<\/td>\n<\/tr>\n<tr>\n<td width=\"557\">-Utiliza la lavadora con carga completa y el programa adecuado<\/td>\n<\/tr>\n<tr>\n<td width=\"557\">-Cierra levemente la llave de paso de tu vivienda, no apreciar\u00e1s la diferencia y ahorrar\u00e1s una gran cantidad de agua diariamente<\/td>\n<\/tr>\n<tr>\n<td width=\"557\">-Cuando laves tus dientes no dejes correr el agua, utiliza un vaso.<\/td>\n<\/tr>\n<tr>\n<td width=\"557\">-Al lavar frutas, verduras y hortalizas, utiliza un recipiente con agua que te permita reutilizar para varias lavadas, as\u00ed evitas que el agua se desperdicie.<\/td>\n<\/tr>\n<tr>\n<td width=\"557\">-No laves fachadas de vivienda ni veh\u00edculos con manguera, utiliza un balde con una cantidad de agua determinada para esa labor.<\/td>\n<\/tr>\n<\/tbody>\n<\/table>\n<p>&nbsp;<\/p>\n<p>&nbsp;<\/p>\n<p>&nbsp;<\/p>\n<p>&nbsp;<\/p>\n<p>&nbsp;<\/p>\n<table border=\"1\" cellspacing=\"0\" cellpadding=\"0\" align=\"left\">\n<tbody>\n<tr>\n<td width=\"557\">\n<h1>\u00a0<strong>\u00bfC\u00f3mo prevenir un incendio forestal?<\/strong><\/h1>\n<\/td>\n<\/tr>\n<tr>\n<td width=\"557\">\n<ol>\n<li>Abst\u00e9ngase de hacer quemas, hogueras y fogatas en zonas rurales y de ladera (Estas acciones est\u00e1n prohibidas por el Decreto Nacional 948 de 1995, Resoluci\u00f3n 532 de 2005 del Ministerio de Ambiente y el C\u00f3digo Departamental de Polic\u00eda- Ordenanza 145 A de 2002)<\/li>\n<li>Evite arrojar material combustible o fosforo encendido sobre vegetaci\u00f3n seca, as\u00ed como el uso de globos y p\u00f3lvora.<\/li>\n<li>Desh\u00e1gase de la basura de manera adecuada esperando a que pase el carro recolector, nunca realice quemas.<\/li>\n<\/ol>\n<\/td>\n<\/tr>\n<tr>\n<td width=\"557\">\u00a0<span style=\"color: #333333; font-family: Georgia, 'Times New Roman', 'Bitstream Charter', Times, serif; font-size: 14px; line-height: 1.5em;\">\u00a0<\/span><\/td>\n<\/tr>\n<\/tbody>\n<\/table>\n<p>&nbsp;<\/p>\n<p>&nbsp;<\/p>\n<p>&nbsp;<\/p>\n<p>&nbsp;<\/p>\n<p>&nbsp;<\/p>\n<p>&nbsp;<\/p>\n<p>&nbsp;<\/p>\n<p>&nbsp;<\/p>\n<p>En caso se observar columnas de humo en zonas rurales, cerros o laderas comun\u00edquese inmediatamente con el cuerpo de Bomberos a la l\u00ednea 119 o en el momento de observar alg\u00fan vecino o ciudadano que se encuentre desperdiciando agua (lavando veh\u00edculos, motos, fachados o regando jardines y plantas en horas no adecuadas) puede comunicarse al 123 de la Polic\u00eda Nacional o al cuadrante m\u00e1s cercano.<\/p>\n<p><span style=\"line-height: 1.5em;\">\u00a0<\/span><\/p>\n<p>Fuente: Comunicaciones Alcald\u00eda<\/p>\n","protected":false},"excerpt":{"rendered":"<p>El Departamento Administrativo de Gesti\u00f3n del Medio Ambiente-DAGMA, a trav\u00e9s de los grupos de Educaci\u00f3n Ambiental y Gesti\u00f3n del Riesgo, vienen realizando capacitaciones a instituciones educativas y comit\u00e9s comunitarios con el fin de abordar tem\u00e1ticas como el uso eficiente y ahorro del agua, y la prevenci\u00f3n de incendios forestales. \u201cEl[&#8230;]<\/p>\n","protected":false},"author":1,"featured_media":5112,"comment_status":"open","ping_status":"open","sticky":false,"template":"","format":"standard","meta":{"footnotes":""},"categories":[4],"tags":[],"_links":{"self":[{"href":"https:\/\/emisora.univalle.edu.co\/index.php\/wp-json\/wp\/v2\/posts\/5111"}],"collection":[{"href":"https:\/\/emisora.univalle.edu.co\/index.php\/wp-json\/wp\/v2\/posts"}],"about":[{"href":"https:\/\/emisora.univalle.edu.co\/index.php\/wp-json\/wp\/v2\/types\/post"}],"author":[{"embeddable":true,"href":"https:\/\/emisora.univalle.edu.co\/index.php\/wp-json\/wp\/v2\/users\/1"}],"replies":[{"embeddable":true,"href":"https:\/\/emisora.univalle.edu.co\/index.php\/wp-json\/wp\/v2\/comments?post=5111"}],"version-history":[{"count":7,"href":"https:\/\/emisora.univalle.edu.co\/index.php\/wp-json\/wp\/v2\/posts\/5111\/revisions"}],"predecessor-version":[{"id":5120,"href":"https:\/\/emisora.univalle.edu.co\/index.php\/wp-json\/wp\/v2\/posts\/5111\/revisions\/5120"}],"wp:featuredmedia":[{"embeddable":true,"href":"https:\/\/emisora.univalle.edu.co\/index.php\/wp-json\/wp\/v2\/media\/5112"}],"wp:attachment":[{"href":"https:\/\/emisora.univalle.edu.co\/index.php\/wp-json\/wp\/v2\/media?parent=5111"}],"wp:term":[{"taxonomy":"category","embeddable":true,"href":"https:\/\/emisora.univalle.edu.co\/index.php\/wp-json\/wp\/v2\/categories?post=5111"},{"taxonomy":"post_tag","embeddable":true,"href":"https:\/\/emisora.univalle.edu.co\/index.php\/wp-json\/wp\/v2\/tags?post=5111"}],"curies":[{"name":"wp","href":"https:\/\/api.w.org\/{rel}","templated":true}]}}