{"id":5133,"date":"2015-07-06T15:13:20","date_gmt":"2015-07-06T20:13:20","guid":{"rendered":"https:\/\/emisora.univalle.edu.co\/\/?p=5133"},"modified":"2015-07-06T15:13:20","modified_gmt":"2015-07-06T20:13:20","slug":"el-pascual-guerrero-revalida-calificacion-olimpica-para-campeonato-mundial-de-atletismo-para-menores","status":"publish","type":"post","link":"https:\/\/emisora.univalle.edu.co\/index.php\/el-pascual-guerrero-revalida-calificacion-olimpica-para-campeonato-mundial-de-atletismo-para-menores\/","title":{"rendered":"El Pascual Guerrero revalida calificaci\u00f3n ol\u00edmpica para Campeonato Mundial de atletismo para menores"},"content":{"rendered":"<p><span style=\"line-height: 1.5em;\">Una vez m\u00e1s el alcalde de Cali Rodrigo Guerrero Velasco hizo un recorrido por el estadio ol\u00edmpico Pascual Guerrero, para establecer c\u00f3mo se ultiman detalles, a tan solo nueve d\u00edas de la iniciaci\u00f3n del Campeonato Mundial de Atletismo para menores, organizado por la IAAF \u2013 Federaci\u00f3n Internacionales de Asociaciones de Atletismo, sigla en ingl\u00e9s &#8211; . En el Pascual Guerrero se han invertido $17 mil millones en adecuaciones.<\/span><\/p>\n<p>El mandatario de los cale\u00f1os se\u00f1al\u00f3 que este certamen deportivo es el m\u00e1s importante que se haya organizado en la historia de Colombia, incluso por encima de los Juegos Panamericanos y de los World Games, teni\u00e9ndose como raz\u00f3n que este hace parte del calendario ol\u00edmpico internacional, adhiri\u00e9ndose a todos los rigurosos protocolos en materia de cronometraje, juzgamiento, entre otros.<\/p>\n<p>\u201cHemos hecho una inversi\u00f3n muy grande, para tenerle acceso a los medios de comunicaci\u00f3n y que estos puedan enlazarse con el mundo entero, en este aspecto hay que destacar la labor de Emcali para alcanzar estos objetivos, demostrando una vez que Cali realiza grandes cert\u00e1menes\u201d, manifest\u00f3.<\/p>\n<p>Igualmente, Guerrero Velasco subray\u00f3 que tener representantes de 154 naciones, le continua abriendo las puertas a una Cali internacional, puesto que cada uno de ellos funge como embajadores y se podr\u00e1 llevar la mejor impresi\u00f3n de esta ciudad, lo cual sin duda ser\u00e1 conocido en sus tierras, donde sabr\u00e1n que en el continente americano hay una ciudad que se llama Cali y que tiene muchas bondades\u201d.<\/p>\n<p>Entre tanto, la secretaria de Deporte y Recreaci\u00f3n, Claudia Fernanda Rojas N\u00fa\u00f1ez dijo que para cumplir con los requerimientos de la IAAF, se han realizado una serie de adecuaciones temporales al escenario, tal es el caso de las media lunas norte y sur han sido acondicionadas con el pavimento sint\u00e9tico apropiado, lo mismo que las correderas para salto largo.<\/p>\n<p>Igualmente, se han efectuado cambios efectuados en la zona mixta exterior y la incorporaci\u00f3n de elementos tecnol\u00f3gicos nunca antes vistos en la historia del deporte nacional e incluso del continente para un campeonato de esta \u00edndole.<\/p>\n<p>Confirm\u00f3: \u201cque en este aspecto se han invertido $1088 para la puesta a punto y $1900 millones entre el mantenimiento y la adecuaci\u00f3n de oficinas para la instalaci\u00f3n de esa tecnolog\u00eda para esas competencias, quedando as\u00ed un escenario de grandes condiciones t\u00e9cnicas para siguientes eventos y solo quedando pendiente el enlucimiento y elementos que engalanan que solo se colocar\u00e1n a unas pocas horas del campeonato\u201d.<\/p>\n<p>A su turno, Luis Saladi\u00e9, delegado t\u00e9cnico de la IAAF al dar las gracias a las autoridades municipales y deportivas, manifest\u00f3 que este certamen ser\u00e1 la mejor competici\u00f3n de atletismo que se ha haya realizado en este continente hecha en el continente en el que est\u00e1n inscritos m\u00e1s de\u00a0 1200 atletas de 154 pa\u00edses, que en las pr\u00f3ximas horas estar\u00e1n llegando a la capital del Valle.<\/p>\n<p>De igual forma, enfatiz\u00f3 que \u201ceste campeonato tendr\u00e1 en esta fant\u00e1stica ciudad de cultura deportiva a las j\u00f3venes promesas del atletismo mundial, por ello ser\u00e1 importante que las gradas del Pascual Guerrero est\u00e9n llenas,\u00a0 avivando las presentaciones de todos los muchachos para que sin duda se cumpla el lema de que la alegr\u00eda corre por las venas\u201d.<\/p>\n<p>Finalmente, el presidente de la Federaci\u00f3n Nacional de Atletismo, Lino Ramiro Varela Marmolejo dijo que \u201chan sido tres a\u00f1os de arduo trabajo junto con la Alcald\u00eda de Cali y otras entidades para que Colombia viva la m\u00e1s grande fiesta deportiva que haya vivido el pa\u00eds, lo que se traduce en la gran revoluci\u00f3n del atletismo nacional, evidenciado en la realizaci\u00f3n de cuatro grandes\u00a0 campamentos internacionales con una selecci\u00f3n Colombia que sin duda estar\u00e1 representada por 40 j\u00f3venes atletas de los cuales 26 hicieron marcas m\u00ednimas \u2013 en Suram\u00e9rica estas marcas no superan los 18-, demostrando con ello desarrollo y siendo esto un momento hist\u00f3rico para nuestro deporte\u201d.<\/p>\n<p>Fuente: Agencia de Noticias Univalle<\/p>\n","protected":false},"excerpt":{"rendered":"<p>Una vez m\u00e1s el alcalde de Cali Rodrigo Guerrero Velasco hizo un recorrido por el estadio ol\u00edmpico Pascual Guerrero, para establecer c\u00f3mo se ultiman detalles, a tan solo nueve d\u00edas de la iniciaci\u00f3n del Campeonato Mundial de Atletismo para menores, organizado por la IAAF \u2013 Federaci\u00f3n Internacionales de Asociaciones de[&#8230;]<\/p>\n","protected":false},"author":1,"featured_media":5130,"comment_status":"open","ping_status":"open","sticky":false,"template":"","format":"standard","meta":{"footnotes":""},"categories":[4],"tags":[],"_links":{"self":[{"href":"https:\/\/emisora.univalle.edu.co\/index.php\/wp-json\/wp\/v2\/posts\/5133"}],"collection":[{"href":"https:\/\/emisora.univalle.edu.co\/index.php\/wp-json\/wp\/v2\/posts"}],"about":[{"href":"https:\/\/emisora.univalle.edu.co\/index.php\/wp-json\/wp\/v2\/types\/post"}],"author":[{"embeddable":true,"href":"https:\/\/emisora.univalle.edu.co\/index.php\/wp-json\/wp\/v2\/users\/1"}],"replies":[{"embeddable":true,"href":"https:\/\/emisora.univalle.edu.co\/index.php\/wp-json\/wp\/v2\/comments?post=5133"}],"version-history":[{"count":1,"href":"https:\/\/emisora.univalle.edu.co\/index.php\/wp-json\/wp\/v2\/posts\/5133\/revisions"}],"predecessor-version":[{"id":5134,"href":"https:\/\/emisora.univalle.edu.co\/index.php\/wp-json\/wp\/v2\/posts\/5133\/revisions\/5134"}],"wp:featuredmedia":[{"embeddable":true,"href":"https:\/\/emisora.univalle.edu.co\/index.php\/wp-json\/wp\/v2\/media\/5130"}],"wp:attachment":[{"href":"https:\/\/emisora.univalle.edu.co\/index.php\/wp-json\/wp\/v2\/media?parent=5133"}],"wp:term":[{"taxonomy":"category","embeddable":true,"href":"https:\/\/emisora.univalle.edu.co\/index.php\/wp-json\/wp\/v2\/categories?post=5133"},{"taxonomy":"post_tag","embeddable":true,"href":"https:\/\/emisora.univalle.edu.co\/index.php\/wp-json\/wp\/v2\/tags?post=5133"}],"curies":[{"name":"wp","href":"https:\/\/api.w.org\/{rel}","templated":true}]}}