{"id":5135,"date":"2015-07-06T15:14:39","date_gmt":"2015-07-06T20:14:39","guid":{"rendered":"https:\/\/emisora.univalle.edu.co\/\/?p=5135"},"modified":"2015-07-06T15:14:39","modified_gmt":"2015-07-06T20:14:39","slug":"en-mundial-de-atletismo-el-turismo-tambien-aporta-para-el-enlucimiento-de-cali","status":"publish","type":"post","link":"https:\/\/emisora.univalle.edu.co\/index.php\/en-mundial-de-atletismo-el-turismo-tambien-aporta-para-el-enlucimiento-de-cali\/","title":{"rendered":"En mundial de Atletismo, el turismo tambi\u00e9n aporta para el enlucimiento de Cali"},"content":{"rendered":"<p><span style=\"line-height: 1.5em;\">M\u00e1s de 2000 personas de 154 pa\u00edses, entre competidores y delegaciones se hospedar\u00e1n en 23 hoteles de Cali, para\u00a0 participar del Mundial de Atletismo de menores que se celebrar\u00e1 en la capital del Valle del 15 al 19 de Julio. Adem\u00e1s disfrutar\u00e1n de los numerosos eventos culturales y art\u00edsticos programados para ello.<\/span><\/p>\n<p>Por este motivo, la sucursal del cielo pone a tono todos los detalles que le siguen permitiendo consolidarse como la capital deportiva de Am\u00e9rica. La Administraci\u00f3n Municipal ha enfilado sus recursos humanos, log\u00edsticos y de inversiones para el plan bacheo, el mantenimiento de escenarios deportivos, demostraciones culturales, poda de \u00e1rboles y el enlucimiento del espacio p\u00fablico.<\/p>\n<p>La programaci\u00f3n deportiva incluye algunas actividades culturales, una presentaci\u00f3n de salsa art\u00edstica prevista para el viernes 17 de Julio, para los periodistas extranjeros que cubrir\u00e1n el evento y hasta clases de salsa en los lobby de los hoteles que estar\u00e1n a disposici\u00f3n de los participantes.<\/p>\n<p>La Asociaci\u00f3n colombiana de Agencias de Viaje y Turismo \u2013 ANATO se ha unido a este magno evento y est\u00e1 programando tours especiales para los deportistas, que en Cali inician su viaje al p\u00f3dium mundial.<\/p>\n<p>\u201cNuestros asociados quieren participar de este mundial. Adem\u00e1s ya Cali se reconoce como ciudad deportiva y cada que hay un evento, la capacidad de la red hotelera se copa, lo que es bueno para la generaci\u00f3n de empleo y la productividad de Cali\u201d manifest\u00f3 Harold Lozada, representante de Anato en el Valle.<\/p>\n<p>Manifest\u00f3 que el sector que representa aporta 1 de cada 4 empleos, lo que da cuenta de la importancia y el aporte del sector tur\u00edstico.<\/p>\n<p>El Mundial contar\u00e1 con dos Puestos de Mandos Unificados para apoyar a los participantes. Para Rodrigo Zamorano, director del Consejo de Gesti\u00f3n del Riesgo de Desastres, CGMRD Cali ofrece todos los atractivos para hacer de la estad\u00eda en la ciudad, un viaje agradable y seguro.<\/p>\n<p>Advirti\u00f3 para que las delegaciones se apoyen en la institucionalidad en caso de querer hacer viajes por fuera del per\u00edmetro urbano, para minimizar riesgos y eliminar los contratiempos.<\/p>\n<p>\u201cCada delegaci\u00f3n es aut\u00f3noma para programar su itinerario, pero si quieren salir a conocer sitios aleda\u00f1os o conocer nuestra variedad de flora y fauna, es bueno que tomar antes estas decisiones, pidan el benepl\u00e1cito de la polic\u00eda y los organizadores, as\u00ed como la institucionalidad cale\u00f1a\u201d afirm\u00f3 el director de la CGMRD.<\/p>\n<p>Los estudiantes de los 95 instituciones educativas de la ciudad adoptar\u00e1n dos pa\u00edses por sede y entre otras cosas, ser\u00e1n acompa\u00f1antes, entregar\u00e1n souvenirs, dar\u00e1n a conocer nuestra cultura, les servir\u00e1n de barra en las competencias, lo que evidencia el calor humano de los cale\u00f1os para el mundo.<\/p>\n<p>Fuente: Comunicaciones Alcald\u00eda<\/p>\n","protected":false},"excerpt":{"rendered":"<p>M\u00e1s de 2000 personas de 154 pa\u00edses, entre competidores y delegaciones se hospedar\u00e1n en 23 hoteles de Cali, para\u00a0 participar del Mundial de Atletismo de menores que se celebrar\u00e1 en la capital del Valle del 15 al 19 de Julio. Adem\u00e1s disfrutar\u00e1n de los numerosos eventos culturales y art\u00edsticos programados[&#8230;]<\/p>\n","protected":false},"author":1,"featured_media":5127,"comment_status":"open","ping_status":"open","sticky":false,"template":"","format":"standard","meta":{"footnotes":""},"categories":[4],"tags":[],"_links":{"self":[{"href":"https:\/\/emisora.univalle.edu.co\/index.php\/wp-json\/wp\/v2\/posts\/5135"}],"collection":[{"href":"https:\/\/emisora.univalle.edu.co\/index.php\/wp-json\/wp\/v2\/posts"}],"about":[{"href":"https:\/\/emisora.univalle.edu.co\/index.php\/wp-json\/wp\/v2\/types\/post"}],"author":[{"embeddable":true,"href":"https:\/\/emisora.univalle.edu.co\/index.php\/wp-json\/wp\/v2\/users\/1"}],"replies":[{"embeddable":true,"href":"https:\/\/emisora.univalle.edu.co\/index.php\/wp-json\/wp\/v2\/comments?post=5135"}],"version-history":[{"count":1,"href":"https:\/\/emisora.univalle.edu.co\/index.php\/wp-json\/wp\/v2\/posts\/5135\/revisions"}],"predecessor-version":[{"id":5136,"href":"https:\/\/emisora.univalle.edu.co\/index.php\/wp-json\/wp\/v2\/posts\/5135\/revisions\/5136"}],"wp:featuredmedia":[{"embeddable":true,"href":"https:\/\/emisora.univalle.edu.co\/index.php\/wp-json\/wp\/v2\/media\/5127"}],"wp:attachment":[{"href":"https:\/\/emisora.univalle.edu.co\/index.php\/wp-json\/wp\/v2\/media?parent=5135"}],"wp:term":[{"taxonomy":"category","embeddable":true,"href":"https:\/\/emisora.univalle.edu.co\/index.php\/wp-json\/wp\/v2\/categories?post=5135"},{"taxonomy":"post_tag","embeddable":true,"href":"https:\/\/emisora.univalle.edu.co\/index.php\/wp-json\/wp\/v2\/tags?post=5135"}],"curies":[{"name":"wp","href":"https:\/\/api.w.org\/{rel}","templated":true}]}}